{"id":67207,"date":"2016-03-31T08:30:34","date_gmt":"2016-03-31T05:30:34","guid":{"rendered":"http:\/\/www.sana.sy\/tr\/?p=67207"},"modified":"2016-04-01T15:14:41","modified_gmt":"2016-04-01T12:14:41","slug":"erdogan-ve-rejimi-turkiyeyi-tehlikeli-bir-devlete-donusturdu","status":"publish","type":"post","link":"https:\/\/archive.sana.sy\/tr\/?p=67207","title":{"rendered":"Erdo\u011fan ve Rejimi T\u00fcrkiye&#8217;yi Tehlikeli Bir Devlete D\u00f6n\u00fc\u015ft\u00fcrd\u00fc"},"content":{"rendered":"<p>CANBERRA \u2013 Recep Tayip Erdo\u011fan ve rejiminin tekfirci ter\u00f6re deste\u011fi ve T\u00fcrkiye&#8217;yi ter\u00f6r yuvas\u0131na d\u00f6n\u00fc\u015ft\u00fcrmesi ard\u0131ndan g\u00fcvenlik durumlar\u0131n\u0131n k\u00f6t\u00fcle\u015fmesiyle ABD, Almanya ve daha bir\u00e7ok devletten sonra Avustralya h\u00fck\u00fcmeti de vatanda\u015flar\u0131n\u0131 \u0130stanbul ve Ankara\u2019ya gitmek tehlikesine kar\u015f\u0131 uyard\u0131.<\/p>\n<p>Avustralya D\u0131\u015fi\u015fleri Bakan\u0131 Julie Bishop Associated Press Ajans\u0131n\u0131n bug\u00fcn aktard\u0131\u011f\u0131 a\u00e7\u0131klamalar\u0131nda; T\u00fcrkiye&#8217;de g\u00fcvenlik durumlar\u0131n\u0131n k\u00f6t\u00fcle\u015fmeye devam etti\u011fini, ter\u00f6r sald\u0131r\u0131lar\u0131 tehditlerinin de artt\u0131\u011f\u0131na dikkat \u00e7ekti. Bishop bu durumda Avusturya vatanda\u015flar\u0131n\u0131n da T\u00fcrkiye&#8217;de bulunmakla ya\u015famlar\u0131n\u0131 tehlikeye sokacaklar\u0131na i\u015faret ederek, vatanda\u015flar\u0131n\u0131 T\u00fcrkiye&#8217;ye gitme tehlikesine kar\u015f\u0131 uyard\u0131.<\/p>\n","protected":false},"excerpt":{"rendered":"<p>CANBERRA \u2013 Recep Tayip Erdo\u011fan ve rejiminin tekfirci ter\u00f6re deste\u011fi ve T\u00fcrkiye&#8217;yi ter\u00f6r yuvas\u0131na d\u00f6n\u00fc\u015ft\u00fcrmesi ard\u0131ndan g\u00fcvenlik durumlar\u0131n\u0131n k\u00f6t\u00fcle\u015fmesiyle ABD, Almanya ve daha bir\u00e7ok devletten sonra Avustralya h\u00fck\u00fcmeti de vatanda\u015flar\u0131n\u0131 \u0130stanbul ve Ankara\u2019ya gitmek tehlikesine kar\u015f\u0131 uyard\u0131. Avustralya D\u0131\u015fi\u015fleri Bakan\u0131 Julie Bishop Associated Press Ajans\u0131n\u0131n bug\u00fcn aktard\u0131\u011f\u0131 a\u00e7\u0131klamalar\u0131nda; T\u00fcrkiye&#8217;de g\u00fcvenlik durumlar\u0131n\u0131n k\u00f6t\u00fcle\u015fmeye devam etti\u011fini, ter\u00f6r &hellip;<\/p>\n","protected":false},"author":1,"featured_media":67241,"comment_status":"closed","ping_status":"closed","sticky":false,"template":"","format":"standard","meta":{"footnotes":""},"categories":[458,459,17988],"tags":[16909,20225,17096,20226],"class_list":["post-67207","post","type-post","status-publish","format-standard","has-post-thumbnail","","category-dunya1","category-haberler-arap-uluslararasi-politika","category-son-haberler","tag-avustralya-disisleri-bakani-julie-bishop","tag-erdogan-ve-rejimi-turkiyeyi-tehlikeli-bir-devlete-donusturdu","tag-recep-tayip-erdogan","tag-turkiyeyi-teror-yuvasina-donusturmesi"],"_links":{"self":[{"href":"https:\/\/archive.sana.sy\/tr\/index.php?rest_route=\/wp\/v2\/posts\/67207","targetHints":{"allow":["GET"]}}],"collection":[{"href":"https:\/\/archive.sana.sy\/tr\/index.php?rest_route=\/wp\/v2\/posts"}],"about":[{"href":"https:\/\/archive.sana.sy\/tr\/index.php?rest_route=\/wp\/v2\/types\/post"}],"author":[{"embeddable":true,"href":"https:\/\/archive.sana.sy\/tr\/index.php?rest_route=\/wp\/v2\/users\/1"}],"replies":[{"embeddable":true,"href":"https:\/\/archive.sana.sy\/tr\/index.php?rest_route=%2Fwp%2Fv2%2Fcomments&post=67207"}],"version-history":[{"count":0,"href":"https:\/\/archive.sana.sy\/tr\/index.php?rest_route=\/wp\/v2\/posts\/67207\/revisions"}],"wp:featuredmedia":[{"embeddable":true,"href":"https:\/\/archive.sana.sy\/tr\/index.php?rest_route=\/wp\/v2\/media\/67241"}],"wp:attachment":[{"href":"https:\/\/archive.sana.sy\/tr\/index.php?rest_route=%2Fwp%2Fv2%2Fmedia&parent=67207"}],"wp:term":[{"taxonomy":"category","embeddable":true,"href":"https:\/\/archive.sana.sy\/tr\/index.php?rest_route=%2Fwp%2Fv2%2Fcategories&post=67207"},{"taxonomy":"post_tag","embeddable":true,"href":"https:\/\/archive.sana.sy\/tr\/index.php?rest_route=%2Fwp%2Fv2%2Ftags&post=67207"}],"curies":[{"name":"wp","href":"https:\/\/api.w.org\/{rel}","templated":true}]}}