{"id":67217,"date":"2016-03-31T13:42:38","date_gmt":"2016-03-31T10:42:38","guid":{"rendered":"http:\/\/sana.sy\/tr\/?p=67217"},"modified":"2016-03-31T13:42:38","modified_gmt":"2016-03-31T10:42:38","slug":"ogrenci-birligi-genc-sairler-festivali-duzenliyor","status":"publish","type":"post","link":"https:\/\/archive.sana.sy\/tr\/?p=67217","title":{"rendered":"\u00d6\u011frenci Birli\u011fi gen\u00e7 \u015fairler festivali d\u00fczenliyor"},"content":{"rendered":"<p>\u00d6\u011frenci Birli\u011fi gen\u00e7 \u015fairler festivali d\u00fczenliyor<\/p>\n","protected":false},"excerpt":{"rendered":"<p>\u00d6\u011frenci Birli\u011fi gen\u00e7 \u015fairler festivali d\u00fczenliyor<\/p>\n","protected":false},"author":1,"featured_media":67225,"comment_status":"closed","ping_status":"closed","sticky":false,"template":"","format":"standard","meta":{"footnotes":""},"categories":[573],"tags":[20221],"class_list":["post-67217","post","type-post","status-publish","format-standard","has-post-thumbnail","","category-goruntulu-olaylar","tag-ogrenci-birligi-genc-sairler-festivali-duzenliyor"],"_links":{"self":[{"href":"https:\/\/archive.sana.sy\/tr\/index.php?rest_route=\/wp\/v2\/posts\/67217","targetHints":{"allow":["GET"]}}],"collection":[{"href":"https:\/\/archive.sana.sy\/tr\/index.php?rest_route=\/wp\/v2\/posts"}],"about":[{"href":"https:\/\/archive.sana.sy\/tr\/index.php?rest_route=\/wp\/v2\/types\/post"}],"author":[{"embeddable":true,"href":"https:\/\/archive.sana.sy\/tr\/index.php?rest_route=\/wp\/v2\/users\/1"}],"replies":[{"embeddable":true,"href":"https:\/\/archive.sana.sy\/tr\/index.php?rest_route=%2Fwp%2Fv2%2Fcomments&post=67217"}],"version-history":[{"count":0,"href":"https:\/\/archive.sana.sy\/tr\/index.php?rest_route=\/wp\/v2\/posts\/67217\/revisions"}],"wp:featuredmedia":[{"embeddable":true,"href":"https:\/\/archive.sana.sy\/tr\/index.php?rest_route=\/wp\/v2\/media\/67225"}],"wp:attachment":[{"href":"https:\/\/archive.sana.sy\/tr\/index.php?rest_route=%2Fwp%2Fv2%2Fmedia&parent=67217"}],"wp:term":[{"taxonomy":"category","embeddable":true,"href":"https:\/\/archive.sana.sy\/tr\/index.php?rest_route=%2Fwp%2Fv2%2Fcategories&post=67217"},{"taxonomy":"post_tag","embeddable":true,"href":"https:\/\/archive.sana.sy\/tr\/index.php?rest_route=%2Fwp%2Fv2%2Ftags&post=67217"}],"curies":[{"name":"wp","href":"https:\/\/api.w.org\/{rel}","templated":true}]}}