{"id":67269,"date":"2016-03-31T12:30:41","date_gmt":"2016-03-31T09:30:41","guid":{"rendered":"http:\/\/sana.sy\/tr\/?p=67269"},"modified":"2016-04-01T19:07:38","modified_gmt":"2016-04-01T16:07:38","slug":"isid-ve-nusra-cephesinden-teroristler-arac-ve-ekipmanlariyla-etkisizlestirildi-video","status":"publish","type":"post","link":"https:\/\/archive.sana.sy\/tr\/?p=67269","title":{"rendered":"I\u015e\u0130D ve Nusra Cephesinden Ter\u00f6ristler Ara\u00e7 ve Ekipmanlar\u0131yla Etkisizle\u015ftirildi (video)"},"content":{"rendered":"<p>\u0130LLER \u2013 Ordu birliklerimiz I\u015e\u0130D ve Nusra Cephesine kar\u015f\u0131 operasyonlar\u0131n\u0131 s\u00fcrd\u00fcr\u00fcp tekfircileri a\u011f\u0131r kay\u0131plara u\u011fratmaya devam ederken, Halk Direni\u015f G\u00fc\u00e7leri ise .<\/p>\n<p><span style=\"color: #0000ff\">S\u00dcVEYDA:<\/span><\/p>\n<p>Askeri kaynak SANA\u2019ya a\u00e7\u0131klamas\u0131nda; ordu birliklerimizin S\u00fcveyda k\u0131rsal\u0131n\u0131n kuzeydo\u011fusu G\u00fcney Tel E\u015fhib B\u00f6lgesinde I\u015e\u0130D mevkilerini yo\u011fun ate\u015fe tuttuklar\u0131n\u0131 belirtti. Kaynak dakik bilgiler \u00fczerine ger\u00e7ekle\u015ftirilen operasyonda tekfircilerin say\u0131 ve ekipmanlar\u0131yla a\u011f\u0131r kay\u0131pla u\u011frat\u0131ld\u0131klar\u0131n\u0131 s\u00f6yledi.<\/p>\n<p>Kaynak vatan koruyucular\u0131m\u0131z\u0131n d\u00fcn S\u00fcveyda k\u0131rsal\u0131n\u0131n do\u011fusu Biir el Tenmiye B\u00f6lgesinde I\u015e\u0130D tekfircileri ve silahlar\u0131 ta\u015f\u0131yan 4 kamyonu y\u00fckleriyle birlikte imha ettiklerine dikkat \u00e7ekti.<\/p>\n<p><span style=\"color: #0000ff\">DEYREZZOR:<\/span><\/p>\n<p>Bu arada Deyrezzor\u2019da yerel kaynaklar SANA\u2019ya a\u00e7\u0131klamas\u0131nda Halk Direni\u015f G\u00fc\u00e7lerinin gece saatlerinde il k\u0131rsal\u0131n\u0131n g\u00fcneydo\u011fusu Salo ve el \u015eahil k\u00f6yleri ahalilerinin i\u015fbirli\u011fi ile I\u015e\u0130D tekfircileriyle \u00e7at\u0131\u015fmaya girerek 10 tekfirciyi \u00f6ld\u00fcrd\u00fcklerini aktard\u0131.<\/p>\n<p>Kaynaklar Halk Direni\u015f G\u00fc\u00e7lerinin Deyrezzor Kentinin yakla\u015f\u0131k 130 km g\u00fcneydo\u011fusuna d\u00fc\u015fen \u011eabra K\u00f6y\u00fcnde I\u015e\u0130D\u2019li 5 ter\u00f6risti pusuya d\u00fc\u015f\u00fcr\u00fcp \u00f6ld\u00fcrd\u00fcklerini ifade ederken, Albukemal Kentinde de 4 tekfirci ter\u00f6risti \u00f6ld\u00fcrd\u00fcklerini s\u00f6zlerine ekledi.<\/p>\n<p>Deyrezzor Kentinin Sanayi ve Demiryolu semtlerinde ise Halk Direni\u015f g\u00fc\u00e7leri I\u015e\u0130D\u2019li 11 ter\u00f6risti \u00f6ld\u00fcrd\u00fc.<\/p>\n<p><span style=\"color: #0000ff\">HAMA:<\/span><\/p>\n<p>Hama k\u0131rsal\u0131nda tekfirci ter\u00f6ristlere kar\u015f\u0131 operasyonlar\u0131n\u0131 s\u00fcrd\u00fcren ordu birliklerimizden bir kaynak SANA\u2019ya a\u00e7\u0131klamas\u0131nda; ordu birliklerimizin Halk Savunma G\u00fc\u00e7leriyle i\u015fbirli\u011fi i\u00e7inde il k\u0131rsal\u0131n\u0131n do\u011fusu Selemiye B\u00f6lgesinin \u015eeyh Hilal K\u00f6y\u00fcnde askeri noktalara sald\u0131r\u0131 giri\u015fiminde bulunan I\u015e\u0130D \u00e7etelerine ba\u015far\u0131yla kar\u015f\u0131 koyduklar\u0131n\u0131 belirtti.<\/p>\n<p>Kaynak bir\u00e7ok eksenden sald\u0131ran I\u015e\u0130D \u00e7etelerinden aralar\u0131nda tehlikeli isimlerin bulundu\u011fu \u00e7ok say\u0131da ter\u00f6ristin \u00f6ld\u00fcr\u00fcld\u00fc\u011f\u00fcn\u00fc, a\u011f\u0131r makineli silahla donat\u0131lm\u0131\u015f 3 ara\u00e7lar\u0131n\u0131n da imha edildi\u011fini belirtti.<\/p>\n<p>Ordu birliklerimizin yine Selemiye k\u0131rsal\u0131n\u0131n do\u011fusu Rahcan, Um el Meyyal ve Ebu Hanaya k\u00f6ylerinde I\u015e\u0130D mevkileri ve karargahlar\u0131n\u0131 yo\u011fun ate\u015fe tuttuklar\u0131n\u0131 ifade eden kaynak; burada da say\u0131 ve ara\u00e7lar\u0131yla a\u011f\u0131r kay\u0131plara u\u011frat\u0131ld\u0131klar\u0131n\u0131 aktard\u0131.<\/p>\n<p>Kaynak Selemiye k\u0131rsal\u0131n\u0131n do\u011fusu Izeyb Vadisi civar\u0131nda ise askeri mevkilere sald\u0131r\u0131 giri\u015fimleri \u00e7\u00f6kertilen I\u015e\u0130D \u00e7etelerinden 10 ter\u00f6ristin \u00f6ld\u00fcr\u00fclmesi ve bir ara\u00e7lar\u0131n\u0131n imha edilmesi ard\u0131ndan sa\u011f kalanlar\u0131n\u0131n silah ve arkada\u015flar\u0131n\u0131n cesetlerini arkalar\u0131nda b\u0131rak\u0131p ka\u00e7t\u0131klar\u0131n\u0131 s\u00f6yledi.<\/p>\n<p>Askeri kaynak ordu birliklerimizin ilin do\u011fu k\u0131rsal\u0131nda I\u015e\u0130D\u2019\u0130n ana karargahlar\u0131 y\u00f6n\u00fcnde ter\u00f6ristlerin ana savunma hatt\u0131 say\u0131lan Ebu hbeylat, Ebu Hanaya, Salba ve daha ba\u015fka k\u00f6yleri ate\u015f kontrollerine ge\u00e7iren ordu birliklerimizin Tebbara el D\u0130yba Tepesi ve civar\u0131ndaki tepelere konu\u015fland\u0131klar\u0131n\u0131 aktard\u0131.<\/p>\n<p>https:\/\/www.youtube.com\/watch?v=J36b0DyLAaA<\/p>\n","protected":false},"excerpt":{"rendered":"<p>\u0130LLER \u2013 Ordu birliklerimiz I\u015e\u0130D ve Nusra Cephesine kar\u015f\u0131 operasyonlar\u0131n\u0131 s\u00fcrd\u00fcr\u00fcp tekfircileri a\u011f\u0131r kay\u0131plara u\u011fratmaya devam ederken, Halk Direni\u015f G\u00fc\u00e7leri ise . S\u00dcVEYDA: Askeri kaynak SANA\u2019ya a\u00e7\u0131klamas\u0131nda; ordu birliklerimizin S\u00fcveyda k\u0131rsal\u0131n\u0131n kuzeydo\u011fusu G\u00fcney Tel E\u015fhib B\u00f6lgesinde I\u015e\u0130D mevkilerini yo\u011fun ate\u015fe tuttuklar\u0131n\u0131 belirtti. Kaynak dakik bilgiler \u00fczerine ger\u00e7ekle\u015ftirilen operasyonda tekfircilerin say\u0131 ve ekipmanlar\u0131yla a\u011f\u0131r kay\u0131pla u\u011frat\u0131ld\u0131klar\u0131n\u0131 &hellip;<\/p>\n","protected":false},"author":1,"featured_media":67270,"comment_status":"closed","ping_status":"closed","sticky":false,"template":"","format":"standard","meta":{"footnotes":""},"categories":[575],"tags":[20236,20235],"class_list":["post-67269","post","type-post","status-publish","format-standard","has-post-thumbnail","","category-olaylar-ve-gercekler","tag-deyrezzor-kirsalinda-30-tekfirciyi-oldurdu","tag-isid-ve-nusra-cephesinden-teroristler-arac-ve-ekipmanlariyla-etkisizlestirildi"],"_links":{"self":[{"href":"https:\/\/archive.sana.sy\/tr\/index.php?rest_route=\/wp\/v2\/posts\/67269","targetHints":{"allow":["GET"]}}],"collection":[{"href":"https:\/\/archive.sana.sy\/tr\/index.php?rest_route=\/wp\/v2\/posts"}],"about":[{"href":"https:\/\/archive.sana.sy\/tr\/index.php?rest_route=\/wp\/v2\/types\/post"}],"author":[{"embeddable":true,"href":"https:\/\/archive.sana.sy\/tr\/index.php?rest_route=\/wp\/v2\/users\/1"}],"replies":[{"embeddable":true,"href":"https:\/\/archive.sana.sy\/tr\/index.php?rest_route=%2Fwp%2Fv2%2Fcomments&post=67269"}],"version-history":[{"count":0,"href":"https:\/\/archive.sana.sy\/tr\/index.php?rest_route=\/wp\/v2\/posts\/67269\/revisions"}],"wp:featuredmedia":[{"embeddable":true,"href":"https:\/\/archive.sana.sy\/tr\/index.php?rest_route=\/wp\/v2\/media\/67270"}],"wp:attachment":[{"href":"https:\/\/archive.sana.sy\/tr\/index.php?rest_route=%2Fwp%2Fv2%2Fmedia&parent=67269"}],"wp:term":[{"taxonomy":"category","embeddable":true,"href":"https:\/\/archive.sana.sy\/tr\/index.php?rest_route=%2Fwp%2Fv2%2Fcategories&post=67269"},{"taxonomy":"post_tag","embeddable":true,"href":"https:\/\/archive.sana.sy\/tr\/index.php?rest_route=%2Fwp%2Fv2%2Ftags&post=67269"}],"curies":[{"name":"wp","href":"https:\/\/api.w.org\/{rel}","templated":true}]}}