{"id":6727,"date":"2014-08-07T16:24:30","date_gmt":"2014-08-07T13:24:30","guid":{"rendered":"http:\/\/www.sana.sy\/tr\/?p=6727"},"modified":"2014-08-07T16:24:30","modified_gmt":"2014-08-07T13:24:30","slug":"yatirim-kurumu-icraatlari-kolaylastiriyor","status":"publish","type":"post","link":"https:\/\/archive.sana.sy\/tr\/?p=6727","title":{"rendered":"Yat\u0131r\u0131m Kurumu \u0130craatlar\u0131 Kolayla\u015ft\u0131r\u0131yor"},"content":{"rendered":"<p>\u015eAM \u2013 Yat\u0131r\u0131m Kurumu Y\u00f6netim Kurulu toplant\u0131s\u0131; yat\u0131r\u0131m faaliyetleri, yat\u0131r\u0131m icraatlar\u0131n\u0131n kolayla\u015ft\u0131r\u0131lmas\u0131, yat\u0131r\u0131m b\u00fct\u00e7esi ve ba\u011flant\u0131 a\u011flar\u0131n\u0131n olu\u015fturulmas\u0131 konular\u0131na odakland\u0131.<\/p>\n<p>\u0130\u015flemleri Y\u00fcr\u00fctmekle M\u00fckellef Kabinede Ekonomi ve Ticaret Bakan\u0131 H\u0131d\u0131r Urfal\u0131 toplant\u0131da yapt\u0131\u011f\u0131 konu\u015fmada, Yat\u0131r\u0131m Kurumu kapsam\u0131ndaki icraatlar\u0131n kolayla\u015ft\u0131r\u0131lmas\u0131 y\u00f6n\u00fcnde geni\u015f \u00e7al\u0131\u015fmalar yap\u0131ld\u0131\u011f\u0131n\u0131 ifade ederek yat\u0131r\u0131m faaliyetlerine te\u015fvik ve deste\u011fin devam edece\u011fini dile getirdi.<\/p>\n<p>\u0130leriye d\u00f6n\u00fck yat\u0131r\u0131m projelerinin yeniden in\u015fa ve yap\u0131lanma s\u00fcrecine katk\u0131da bulunmas\u0131 gerekti\u011fine dikkat \u00e7eken Urfal\u0131; her yat\u0131r\u0131m projesinin yeni i\u015f olanaklar\u0131 ve yeni in\u015fa s\u00fcrecine eklenmi\u015f bir tu\u011fla anlam\u0131na geldi\u011finin alt\u0131n\u0131 \u00e7izdi.<\/p>\n<p>Yat\u0131r\u0131m Kurumu M\u00fcd\u00fcr\u00fc Hala \u011eazel u anda \u00e7al\u0131\u015fmalar\u0131n \u00fcretim alan\u0131ndaki yat\u0131r\u0131m projelerinin uygulanmas\u0131nda kar\u015f\u0131 kar\u015f\u0131ya gelinen zorluklar\u0131n a\u015f\u0131lmas\u0131na odakland\u0131\u011f\u0131n\u0131 ifade ederek yat\u0131r\u0131m kurumunun hem farkl\u0131 illerde kendisine ba\u011fl\u0131 birimlerle hem de ilgili bakanl\u0131klarla bir a\u011f olu\u015fturma \u00e7abas\u0131nda oldu\u011funu beyan etti.<\/p>\n","protected":false},"excerpt":{"rendered":"<p>\u015eAM \u2013 Yat\u0131r\u0131m Kurumu Y\u00f6netim Kurulu toplant\u0131s\u0131; yat\u0131r\u0131m faaliyetleri, yat\u0131r\u0131m icraatlar\u0131n\u0131n kolayla\u015ft\u0131r\u0131lmas\u0131, yat\u0131r\u0131m b\u00fct\u00e7esi ve ba\u011flant\u0131 a\u011flar\u0131n\u0131n olu\u015fturulmas\u0131 konular\u0131na odakland\u0131. \u0130\u015flemleri Y\u00fcr\u00fctmekle M\u00fckellef Kabinede Ekonomi ve Ticaret Bakan\u0131 H\u0131d\u0131r Urfal\u0131 toplant\u0131da yapt\u0131\u011f\u0131 konu\u015fmada, Yat\u0131r\u0131m Kurumu kapsam\u0131ndaki icraatlar\u0131n kolayla\u015ft\u0131r\u0131lmas\u0131 y\u00f6n\u00fcnde geni\u015f \u00e7al\u0131\u015fmalar yap\u0131ld\u0131\u011f\u0131n\u0131 ifade ederek yat\u0131r\u0131m faaliyetlerine te\u015fvik ve deste\u011fin devam edece\u011fini dile getirdi. \u0130leriye d\u00f6n\u00fck &hellip;<\/p>\n","protected":false},"author":1,"featured_media":6728,"comment_status":"closed","ping_status":"closed","sticky":false,"template":"","format":"standard","meta":{"footnotes":""},"categories":[485,486],"tags":[1510],"class_list":["post-6727","post","type-post","status-publish","format-standard","has-post-thumbnail","","category-is-ve-sermaye","category-haberler-is-ve-sermaye","tag-yatirim-kurumu-icraatlari-kolaylastiriyor"],"_links":{"self":[{"href":"https:\/\/archive.sana.sy\/tr\/index.php?rest_route=\/wp\/v2\/posts\/6727","targetHints":{"allow":["GET"]}}],"collection":[{"href":"https:\/\/archive.sana.sy\/tr\/index.php?rest_route=\/wp\/v2\/posts"}],"about":[{"href":"https:\/\/archive.sana.sy\/tr\/index.php?rest_route=\/wp\/v2\/types\/post"}],"author":[{"embeddable":true,"href":"https:\/\/archive.sana.sy\/tr\/index.php?rest_route=\/wp\/v2\/users\/1"}],"replies":[{"embeddable":true,"href":"https:\/\/archive.sana.sy\/tr\/index.php?rest_route=%2Fwp%2Fv2%2Fcomments&post=6727"}],"version-history":[{"count":0,"href":"https:\/\/archive.sana.sy\/tr\/index.php?rest_route=\/wp\/v2\/posts\/6727\/revisions"}],"wp:featuredmedia":[{"embeddable":true,"href":"https:\/\/archive.sana.sy\/tr\/index.php?rest_route=\/wp\/v2\/media\/6728"}],"wp:attachment":[{"href":"https:\/\/archive.sana.sy\/tr\/index.php?rest_route=%2Fwp%2Fv2%2Fmedia&parent=6727"}],"wp:term":[{"taxonomy":"category","embeddable":true,"href":"https:\/\/archive.sana.sy\/tr\/index.php?rest_route=%2Fwp%2Fv2%2Fcategories&post=6727"},{"taxonomy":"post_tag","embeddable":true,"href":"https:\/\/archive.sana.sy\/tr\/index.php?rest_route=%2Fwp%2Fv2%2Ftags&post=6727"}],"curies":[{"name":"wp","href":"https:\/\/api.w.org\/{rel}","templated":true}]}}