{"id":67276,"date":"2016-04-01T11:00:49","date_gmt":"2016-04-01T08:00:49","guid":{"rendered":"http:\/\/www.sana.sy\/tr\/?p=67276"},"modified":"2016-04-01T11:33:11","modified_gmt":"2016-04-01T08:33:11","slug":"bogdanov-suriyede-ulusal-bir-hukumet-kurulmasi-onerisini-destekliyoruz","status":"publish","type":"post","link":"https:\/\/archive.sana.sy\/tr\/?p=67276","title":{"rendered":"Bogdanov: Suriye\u2019de Ulusal Bir H\u00fck\u00fcmet Kurulmas\u0131 \u00d6nerisini Destekliyoruz"},"content":{"rendered":"<p>MOSKOVA \u2013 Rusya Ba\u015fkan\u0131n\u0131n \u00d6zel Ortado\u011fu ve Afrika \u00dclkeleri Temsilcisi ve D\u0131\u015fi\u015fleri Bakan\u0131 Yard\u0131mc\u0131s\u0131 MikhaliBogdanov, Rusya\u2019n\u0131n Cumhurba\u015fkan\u0131 Be\u015f\u015far el Esad\u2019\u0131n sunmu\u015f oldu\u011fu Suriye\u2019de, Ulusal Birlik H\u00fck\u00fcmeti Olu\u015fturulmas\u0131 \u00f6nerisini ve Suriye\u2019yi desteklemek i\u00e7in uluslararas\u0131 grup kapsam\u0131nda sa\u011flanan anla\u015fmalara ve uluslararas\u0131 g\u00fcvenlik konseyinin 2254 nolu karar\u0131n\u0131n bentlerine ba\u011fl\u0131 kal\u0131nmas\u0131n\u0131 destekledi\u011fini ifade etti.<\/p>\n<p>Rusya \u0130nterfax Haber Ajans\u0131na d\u00fcn bir deme\u00e7 veren Bogdanov, Moskova\u2019n\u0131n Uluslararas\u0131 G\u00fcvenlik Konseyinde onaylanan 2254 nolu karar\u0131 ve Uluslararas\u0131 Suriye Grubunun kararlar\u0131n\u0131 destekledi\u011fine dikkat \u00e7ekerek bu kararlarda b\u00fct\u00fcn durumlar\u0131n ayr\u0131nt\u0131l\u0131 olarak belirlendi\u011fini dile getirdi.<\/p>\n<p>Bogdanov; Cumhurba\u015fkan\u0131 el Esad\u2019\u0131n yak\u0131n gelecekte Suriye\u2019de \u015fu anki Suriye iktidar\u0131 temsilcilerinin yan\u0131 s\u0131ra muhalefet temsilcileri ve ba\u011f\u0131ms\u0131z temsilcilerden olu\u015fan ulusal bir h\u00fck\u00fcmet kurulmas\u0131 plan\u0131n\u0131n, Moskova taraf\u0131ndan memnuniyetle kar\u015f\u0131land\u0131\u011f\u0131n\u0131 ekledi.<\/p>\n<p>F.B. &#8211; R.H.<\/p>\n","protected":false},"excerpt":{"rendered":"<p>MOSKOVA \u2013 Rusya Ba\u015fkan\u0131n\u0131n \u00d6zel Ortado\u011fu ve Afrika \u00dclkeleri Temsilcisi ve D\u0131\u015fi\u015fleri Bakan\u0131 Yard\u0131mc\u0131s\u0131 MikhaliBogdanov, Rusya\u2019n\u0131n Cumhurba\u015fkan\u0131 Be\u015f\u015far el Esad\u2019\u0131n sunmu\u015f oldu\u011fu Suriye\u2019de, Ulusal Birlik H\u00fck\u00fcmeti Olu\u015fturulmas\u0131 \u00f6nerisini ve Suriye\u2019yi desteklemek i\u00e7in uluslararas\u0131 grup kapsam\u0131nda sa\u011flanan anla\u015fmalara ve uluslararas\u0131 g\u00fcvenlik konseyinin 2254 nolu karar\u0131n\u0131n bentlerine ba\u011fl\u0131 kal\u0131nmas\u0131n\u0131 destekledi\u011fini ifade etti. Rusya \u0130nterfax Haber Ajans\u0131na d\u00fcn &hellip;<\/p>\n","protected":false},"author":1,"featured_media":67277,"comment_status":"closed","ping_status":"closed","sticky":false,"template":"","format":"standard","meta":{"footnotes":""},"categories":[458,459,17988],"tags":[20237],"class_list":["post-67276","post","type-post","status-publish","format-standard","has-post-thumbnail","","category-dunya1","category-haberler-arap-uluslararasi-politika","category-son-haberler","tag-bogdanov-suriyede-ulusal-bir-hukumet-kurulmasi-onerisini-destekliyoruz"],"_links":{"self":[{"href":"https:\/\/archive.sana.sy\/tr\/index.php?rest_route=\/wp\/v2\/posts\/67276","targetHints":{"allow":["GET"]}}],"collection":[{"href":"https:\/\/archive.sana.sy\/tr\/index.php?rest_route=\/wp\/v2\/posts"}],"about":[{"href":"https:\/\/archive.sana.sy\/tr\/index.php?rest_route=\/wp\/v2\/types\/post"}],"author":[{"embeddable":true,"href":"https:\/\/archive.sana.sy\/tr\/index.php?rest_route=\/wp\/v2\/users\/1"}],"replies":[{"embeddable":true,"href":"https:\/\/archive.sana.sy\/tr\/index.php?rest_route=%2Fwp%2Fv2%2Fcomments&post=67276"}],"version-history":[{"count":0,"href":"https:\/\/archive.sana.sy\/tr\/index.php?rest_route=\/wp\/v2\/posts\/67276\/revisions"}],"wp:featuredmedia":[{"embeddable":true,"href":"https:\/\/archive.sana.sy\/tr\/index.php?rest_route=\/wp\/v2\/media\/67277"}],"wp:attachment":[{"href":"https:\/\/archive.sana.sy\/tr\/index.php?rest_route=%2Fwp%2Fv2%2Fmedia&parent=67276"}],"wp:term":[{"taxonomy":"category","embeddable":true,"href":"https:\/\/archive.sana.sy\/tr\/index.php?rest_route=%2Fwp%2Fv2%2Fcategories&post=67276"},{"taxonomy":"post_tag","embeddable":true,"href":"https:\/\/archive.sana.sy\/tr\/index.php?rest_route=%2Fwp%2Fv2%2Ftags&post=67276"}],"curies":[{"name":"wp","href":"https:\/\/api.w.org\/{rel}","templated":true}]}}