{"id":67303,"date":"2016-04-01T13:49:26","date_gmt":"2016-04-01T10:49:26","guid":{"rendered":"http:\/\/www.sana.sy\/tr\/?p=67303"},"modified":"2016-04-01T13:49:26","modified_gmt":"2016-04-01T10:49:26","slug":"sam-universitesi-guvenlik-seridi-projesini-baslattivideo","status":"publish","type":"post","link":"https:\/\/archive.sana.sy\/tr\/?p=67303","title":{"rendered":"\u015eam \u00dcniversitesi G\u00fcvenlik \u015eeridi Projesini Ba\u015flatt\u0131(video)"},"content":{"rendered":"<p>\u015eAM \u2013 \u015eam \u00dcniversitesi resmi belgeleri ve diplomalar\u0131n\u0131n taklit edilerek sahtesinin haz\u0131rlanmas\u0131n\u0131 \u00f6nlemek amac\u0131yla ba\u015flatt\u0131\u011f\u0131 g\u00fcvenlik \u015feridi projesini d\u00fcn konferans salonunda d\u00fczenlenen ayr\u0131nt\u0131l\u0131 bir sunumla uygulamaya ba\u015flad\u0131.<\/p>\n<p>Sunum \u00f6ncesinde bir konu\u015fma yapan \u015eam \u00dcniversitesi Rekt\u00f6r\u00fc Muhammed Hassan el K\u00fcrdi, G\u00fcvenlik \u015eeridi Projesinin, \u00f6\u011frenci ve \u00fcniversite kadrolar\u0131n\u0131n eme\u011fini korumak ve g\u00fcvence alt\u0131na almak amac\u0131yla bir y\u0131ld\u0131r haz\u0131rl\u0131klar\u0131 s\u00fcren bir proje oldu\u011funu dile getirerek proje kapsam\u0131nda haz\u0131rlanacak ve \u015eam \u00dcniversitesine ait b\u00fct\u00fcn resmi belgelerinde yer alacak g\u00fcvenlik \u015feridiyle s\u00f6z konusu belgelerin taklit edilmesinin \u00f6n\u00fcne ge\u00e7ilece\u011fini belirtti.<\/p>\n<p>G\u00fcvenlik \u015feridi \u00fczerinde en az 13 g\u00fcvenlik noktas\u0131 bulunaca\u011f\u0131na dikkat \u00e7eken K\u00fcrdi; g\u00fcvenlik \u015feridi uygulamas\u0131ndan sonra \u015eam \u00dcniversitesine ait belge ve diplomalar\u0131n taklit ve sahtesinin haz\u0131rlanmas\u0131n\u0131n m\u00fcmk\u00fcn olmayaca\u011f\u0131n\u0131n alt\u0131n\u0131 \u00e7izdi.<\/p>\n<p>Ard\u0131ndan k\u00fcrs\u00fcye \u00e7\u0131kan \u015eam \u00dcniversitesi Rekt\u00f6r\u00fcn\u00fcn \u0130dari \u0130\u015flerden Sorumlu Yard\u0131mc\u0131s\u0131 Emced Zeyno, g\u00fcvenlik \u015feridinin nas\u0131l uygulanaca\u011f\u0131 ve teknik \u00f6zelliklerine ili\u015fkin ayr\u0131nt\u0131l\u0131 bir sunum takdim etti.<\/p>\n<p>https:\/\/youtu.be\/siTFgbICjiM<\/p>\n<p>F.B. &#8211; R.H.<\/p>\n","protected":false},"excerpt":{"rendered":"<p>\u015eAM \u2013 \u015eam \u00dcniversitesi resmi belgeleri ve diplomalar\u0131n\u0131n taklit edilerek sahtesinin haz\u0131rlanmas\u0131n\u0131 \u00f6nlemek amac\u0131yla ba\u015flatt\u0131\u011f\u0131 g\u00fcvenlik \u015feridi projesini d\u00fcn konferans salonunda d\u00fczenlenen ayr\u0131nt\u0131l\u0131 bir sunumla uygulamaya ba\u015flad\u0131. Sunum \u00f6ncesinde bir konu\u015fma yapan \u015eam \u00dcniversitesi Rekt\u00f6r\u00fc Muhammed Hassan el K\u00fcrdi, G\u00fcvenlik \u015eeridi Projesinin, \u00f6\u011frenci ve \u00fcniversite kadrolar\u0131n\u0131n eme\u011fini korumak ve g\u00fcvence alt\u0131na almak amac\u0131yla bir y\u0131ld\u0131r &hellip;<\/p>\n","protected":false},"author":1,"featured_media":67304,"comment_status":"closed","ping_status":"closed","sticky":false,"template":"","format":"standard","meta":{"footnotes":""},"categories":[479,17988,478],"tags":[20245],"class_list":["post-67303","post","type-post","status-publish","format-standard","has-post-thumbnail","","category-haberler-yerel","category-son-haberler","category-yerel","tag-sam-universitesi-guvenlik-seridi-projesini-baslatti"],"_links":{"self":[{"href":"https:\/\/archive.sana.sy\/tr\/index.php?rest_route=\/wp\/v2\/posts\/67303","targetHints":{"allow":["GET"]}}],"collection":[{"href":"https:\/\/archive.sana.sy\/tr\/index.php?rest_route=\/wp\/v2\/posts"}],"about":[{"href":"https:\/\/archive.sana.sy\/tr\/index.php?rest_route=\/wp\/v2\/types\/post"}],"author":[{"embeddable":true,"href":"https:\/\/archive.sana.sy\/tr\/index.php?rest_route=\/wp\/v2\/users\/1"}],"replies":[{"embeddable":true,"href":"https:\/\/archive.sana.sy\/tr\/index.php?rest_route=%2Fwp%2Fv2%2Fcomments&post=67303"}],"version-history":[{"count":0,"href":"https:\/\/archive.sana.sy\/tr\/index.php?rest_route=\/wp\/v2\/posts\/67303\/revisions"}],"wp:featuredmedia":[{"embeddable":true,"href":"https:\/\/archive.sana.sy\/tr\/index.php?rest_route=\/wp\/v2\/media\/67304"}],"wp:attachment":[{"href":"https:\/\/archive.sana.sy\/tr\/index.php?rest_route=%2Fwp%2Fv2%2Fmedia&parent=67303"}],"wp:term":[{"taxonomy":"category","embeddable":true,"href":"https:\/\/archive.sana.sy\/tr\/index.php?rest_route=%2Fwp%2Fv2%2Fcategories&post=67303"},{"taxonomy":"post_tag","embeddable":true,"href":"https:\/\/archive.sana.sy\/tr\/index.php?rest_route=%2Fwp%2Fv2%2Ftags&post=67303"}],"curies":[{"name":"wp","href":"https:\/\/api.w.org\/{rel}","templated":true}]}}