{"id":67340,"date":"2016-04-01T19:05:45","date_gmt":"2016-04-01T16:05:45","guid":{"rendered":"http:\/\/sana.sy\/tr\/?p=67340"},"modified":"2016-04-02T17:09:45","modified_gmt":"2016-04-02T14:09:45","slug":"teroristler-araclari-ve-cephaneleriyle-etkisizlestiriliyor-2","status":"publish","type":"post","link":"https:\/\/archive.sana.sy\/tr\/?p=67340","title":{"rendered":"Ter\u00f6ristler Ara\u00e7lar\u0131 ve Cephaneleriyle Etkisizle\u015ftiriliyor"},"content":{"rendered":"<p>\u0130LLER \u2013 Ordu birliklerimiz \u00e7ok uluslu ve vatan haini tekfirci ter\u00f6ristlere kar\u015f\u0131 operasyonlar\u0131n\u0131 aral\u0131ks\u0131z s\u00fcrd\u00fcr\u00fcrlerken, vah\u015fetlerinde s\u0131n\u0131r tan\u0131mayan az\u0131l\u0131 katiller kendilerinin ve efendilerinin \u00e7\u00f6ken psikolojilerini y\u00fckseltmek i\u00e7in medyatik zaferler elde etme ve propaganda hamleleri y\u00fcr\u00fctmeye devam ediyor.<\/p>\n<p><span style=\"color: #0000ff\">HALEP:<\/span><\/p>\n<p>Halep\u2019te Erdo\u011fan ve Al Suud rejimlerinden destek ve talimat alan ter\u00f6ristler, \u00e7at\u0131\u015fmalar\u0131 durdurma anla\u015fmas\u0131na a\u00e7\u0131k bir ihlalle il k\u0131rsal\u0131n\u0131n g\u00fcneyinde bir k\u0131s\u0131m askeri noktalara sald\u0131rd\u0131lar.<\/p>\n<p>SANA\u2019ya a\u00e7\u0131klama yapan askeri bir kaynak askeri mevkileri savunan ordu birliklerimiz ve halk savunma g\u00fc\u00e7leri ile sald\u0131rgan ter\u00f6ristler aras\u0131nda olduk\u00e7a \u015fiddetli \u00e7at\u0131\u015fmalar\u0131n ya\u015fand\u0131\u011f\u0131n\u0131 aktard\u0131. Kaynak \u00f6ld\u00fcr\u00fclen olduk\u00e7a y\u00fcksek say\u0131da ter\u00f6ristin aras\u0131nda kimlikleri belirlenen tehlikeli isimlerin bulundu\u011funa dikkat \u00e7ekerken, aralar\u0131nda yabanc\u0131lar\u0131n da bulundu\u011funun alt\u0131n\u0131 \u00e7izdi.<\/p>\n<p><span style=\"color: #0000ff\">HAMA:<\/span><\/p>\n<p>Saha kaynaklar\u0131 SANA\u2019ya a\u00e7\u0131klamalar\u0131nda; ordu birliklerimizin son 24 saat i\u00e7inde Hama Kentinin yakla\u015f\u0131k 40 km kuzeyine d\u00fc\u015fen Sayyad ve Kefar Zeyta beldeleri aras\u0131nda \u2018Ecnad el \u015eam \u0130slami Birli\u011fi\u2019ne tabi yuva ve k\u00fcmelenme yerlerine y\u00f6nelik nitelikli operasyonlar ger\u00e7ekle\u015ftirdiklerini ifade etti. Kaynaklar; operasyonlarda en az 6 ter\u00f6ristin \u00f6ld\u00fcr\u00fcl\u00fcp mevkii ve komuta karargahlar\u0131n\u0131n yan\u0131 s\u0131ra ara\u00e7lar\u0131n\u0131n da imha edildi\u011fine dikkat \u00e7ekti.<\/p>\n<p><span style=\"color: #0000ff\">\u0130DL\u0130B:<\/span><\/p>\n<p>\u00d6te yandan askeri kaynak; \u0130dlib k\u0131rsal\u0131nda katil Erdo\u011fan rejimine tabi Nusra Cephesi ve di\u011fer ter\u00f6r \u00f6rg\u00fctlere kar\u015f\u0131 askeri operasyonlar\u0131n\u0131 ba\u015far\u0131yla s\u00fcrd\u00fcren ordu birliklerimizin; il k\u0131rsal\u0131n\u0131n g\u00fcneyi Habit Beldesinin civar\u0131nda Nusra Cephesine ait bir yuvay\u0131 muhtevalar\u0131yla birlikte yok ettiklerini aktard\u0131. Buna e\u015f zamanl\u0131 olarak \u0130dlib Kentinin yakla\u015f\u0131k 50 km g\u00fcneydo\u011fusuna d\u00fc\u015fen Ebu Zuhur Havaliman\u0131nda \u2018T\u00fcrkistan \u0130slam Partisi\u2019ne tabi at\u00f6lyeleri ve komuta karargahlar\u0131n\u0131 hedef ald\u0131klar\u0131n\u0131 belirten kaynak; buralarda da en az 9 ter\u00f6ristin \u00f6ld\u00fcr\u00fcld\u00fc\u011f\u00fcn\u00fc s\u00f6yledi.<\/p>\n<p>Bu arada ordu birliklerimizin \u0130dlib Kentinin yakla\u015f\u0131k 50 km g\u00fcneyi d\u00fc\u015fen Rakaya ve Kefar Secne k\u00f6ylerinde Nusra Cephesinin iki mevkisini yo\u011fun ate\u015fe tutuklar\u0131n\u0131 aktaran kaynak; tekfircileri say\u0131 ve te\u00e7hizatlar\u0131yla a\u011f\u0131r kay\u0131plara u\u011fratt\u0131klar\u0131n\u0131 s\u00f6zlerine ekledi.<\/p>\n","protected":false},"excerpt":{"rendered":"<p>\u0130LLER \u2013 Ordu birliklerimiz \u00e7ok uluslu ve vatan haini tekfirci ter\u00f6ristlere kar\u015f\u0131 operasyonlar\u0131n\u0131 aral\u0131ks\u0131z s\u00fcrd\u00fcr\u00fcrlerken, vah\u015fetlerinde s\u0131n\u0131r tan\u0131mayan az\u0131l\u0131 katiller kendilerinin ve efendilerinin \u00e7\u00f6ken psikolojilerini y\u00fckseltmek i\u00e7in medyatik zaferler elde etme ve propaganda hamleleri y\u00fcr\u00fctmeye devam ediyor. HALEP: Halep\u2019te Erdo\u011fan ve Al Suud rejimlerinden destek ve talimat alan ter\u00f6ristler, \u00e7at\u0131\u015fmalar\u0131 durdurma anla\u015fmas\u0131na a\u00e7\u0131k bir ihlalle &hellip;<\/p>\n","protected":false},"author":1,"featured_media":67358,"comment_status":"closed","ping_status":"closed","sticky":false,"template":"","format":"standard","meta":{"footnotes":""},"categories":[575],"tags":[20248,20247],"class_list":["post-67340","post","type-post","status-publish","format-standard","has-post-thumbnail","","category-olaylar-ve-gercekler","tag-ecnad-el-sam-islami-birligi","tag-teroristler-araclari-ve-cephaneleriyle-etkisizlestiriliyor"],"_links":{"self":[{"href":"https:\/\/archive.sana.sy\/tr\/index.php?rest_route=\/wp\/v2\/posts\/67340","targetHints":{"allow":["GET"]}}],"collection":[{"href":"https:\/\/archive.sana.sy\/tr\/index.php?rest_route=\/wp\/v2\/posts"}],"about":[{"href":"https:\/\/archive.sana.sy\/tr\/index.php?rest_route=\/wp\/v2\/types\/post"}],"author":[{"embeddable":true,"href":"https:\/\/archive.sana.sy\/tr\/index.php?rest_route=\/wp\/v2\/users\/1"}],"replies":[{"embeddable":true,"href":"https:\/\/archive.sana.sy\/tr\/index.php?rest_route=%2Fwp%2Fv2%2Fcomments&post=67340"}],"version-history":[{"count":0,"href":"https:\/\/archive.sana.sy\/tr\/index.php?rest_route=\/wp\/v2\/posts\/67340\/revisions"}],"wp:featuredmedia":[{"embeddable":true,"href":"https:\/\/archive.sana.sy\/tr\/index.php?rest_route=\/wp\/v2\/media\/67358"}],"wp:attachment":[{"href":"https:\/\/archive.sana.sy\/tr\/index.php?rest_route=%2Fwp%2Fv2%2Fmedia&parent=67340"}],"wp:term":[{"taxonomy":"category","embeddable":true,"href":"https:\/\/archive.sana.sy\/tr\/index.php?rest_route=%2Fwp%2Fv2%2Fcategories&post=67340"},{"taxonomy":"post_tag","embeddable":true,"href":"https:\/\/archive.sana.sy\/tr\/index.php?rest_route=%2Fwp%2Fv2%2Ftags&post=67340"}],"curies":[{"name":"wp","href":"https:\/\/api.w.org\/{rel}","templated":true}]}}