{"id":67386,"date":"2016-04-01T21:26:10","date_gmt":"2016-04-01T18:26:10","guid":{"rendered":"http:\/\/www.sana.sy\/tr\/?p=67386"},"modified":"2016-04-02T18:22:10","modified_gmt":"2016-04-02T15:22:10","slug":"binlerce-yil-oncesinin-bayrami-bugun-de-ayni-heyecanla-kutlaniyor-video","status":"publish","type":"post","link":"https:\/\/archive.sana.sy\/tr\/?p=67386","title":{"rendered":"Binlerce Y\u0131l \u00d6ncesinin Bayram\u0131 Bug\u00fcn De Ayn\u0131 Heyecanla Kutlan\u0131yor (video)"},"content":{"rendered":"<p>\u015eAM \u2013 Turizm Bakanl\u0131\u011f\u0131n\u0131n el \u0130hbariye Televizyonu ile i\u015fbirli\u011fi i\u00e7erisinde d\u00fczenledi\u011fi Suriye Folkloru Festivali \u015eam\u2019da Te\u015frin Park\u0131nda kurulan sahnede faaliyetlerine ba\u015flad\u0131.<\/p>\n<p>Festivalin a\u00e7\u0131l\u0131\u015f\u0131nda sahne alan ReberWahit ve Fuat Mahir seslendirdikleri folklorik \u015fark\u0131larla festivali bir co\u015fku seline d\u00f6n\u00fc\u015ft\u00fcr\u00fcrken onlardan sonra sahneye \u00e7\u0131kan \u00c7erkez Cemiyeti Aram Folklor Ekibi Suriye topraklar\u0131ndaki uygarl\u0131k, ho\u015fg\u00f6r\u00fc ve sevgi k\u00fclt\u00fcr\u00fcn\u00fcn derin k\u00f6klerinden beslenen gelenek miras\u0131n\u0131 canland\u0131rd\u0131.<\/p>\n<p>Di\u011fer taraftan gazetecilere bir a\u00e7\u0131klama yapan Turizm Bakan\u0131 Be\u015fir Yaz\u0131c\u0131, Suriye Folklor Festivalinin 1 Nisan tarihinde d\u00fczenlenmesinin ayr\u0131 bir anlam\u0131 bulundu\u011funa i\u015faret ederek festivalin, binlerce y\u0131l \u00f6ncesinde bu topraklarda ya\u015fam\u0131\u015f Akadlar, Babiller ve S\u00fcmerler gibi uygarl\u0131klar\u0131n y\u0131lba\u015f\u0131 m\u00fcnasebetiyle kutlad\u0131klar\u0131 Akitu bayram\u0131 m\u00fcnasebetiyle d\u00fczenlendi\u011fini belirtti.<\/p>\n<p>Binlerce y\u0131l \u00f6ncesine dayanan bir bayram\u0131n bug\u00fcn de co\u015fku ve heyecanla kutlanmas\u0131n\u0131n Suriye halk\u0131n\u0131n topraklar\u0131na, geleneklerine ve de\u011ferlerine olan ba\u011fl\u0131l\u0131\u011f\u0131n\u0131n bir kan\u0131t\u0131 oldu\u011funu dile getiren Yaz\u0131c\u0131; Turizm Bakanl\u0131\u011f\u0131n\u0131n bu topraklardaki geleneksel ve tarihi bayramlarla ilgili etkinlikleri desteklemeye devam edece\u011fini belirtti.<\/p>\n<p>Bilinece\u011fi \u00fczere Akitu Suriye Folklor Festivali faaliyetleri Te\u015frin Park\u0131n\u0131n yan\u0131 s\u0131ra S\u00fcleymaniye Tekkesi, Celaa Spor Kompleksi, Binicilik Kul\u00fcb\u00fc, Dama Rosa oteli ve daha bir\u00e7ok noktada sanatsal, spor ve k\u00fclt\u00fcrel alanlarda \u00f6n\u00fcm\u00fczdeki Pazartesi g\u00fcn\u00fcne kadar devam ediyor.<\/p>\n<p>https:\/\/www.youtube.com\/watch?v=CkrtEvjaPpE<\/p>\n<p>F.B.<\/p>\n","protected":false},"excerpt":{"rendered":"<p>\u015eAM \u2013 Turizm Bakanl\u0131\u011f\u0131n\u0131n el \u0130hbariye Televizyonu ile i\u015fbirli\u011fi i\u00e7erisinde d\u00fczenledi\u011fi Suriye Folkloru Festivali \u015eam\u2019da Te\u015frin Park\u0131nda kurulan sahnede faaliyetlerine ba\u015flad\u0131. Festivalin a\u00e7\u0131l\u0131\u015f\u0131nda sahne alan ReberWahit ve Fuat Mahir seslendirdikleri folklorik \u015fark\u0131larla festivali bir co\u015fku seline d\u00f6n\u00fc\u015ft\u00fcr\u00fcrken onlardan sonra sahneye \u00e7\u0131kan \u00c7erkez Cemiyeti Aram Folklor Ekibi Suriye topraklar\u0131ndaki uygarl\u0131k, ho\u015fg\u00f6r\u00fc ve sevgi k\u00fclt\u00fcr\u00fcn\u00fcn derin k\u00f6klerinden &hellip;<\/p>\n","protected":false},"author":1,"featured_media":67387,"comment_status":"closed","ping_status":"closed","sticky":false,"template":"","format":"standard","meta":{"footnotes":""},"categories":[516,511,17988,2553],"tags":[20259,20261,20260,4040],"class_list":["post-67386","post","type-post","status-publish","format-standard","has-post-thumbnail","","category-haberler-kultur-ve-sanat","category-kultur-ve-sanat","category-son-haberler","category-turizm","tag-binlerce-yil-oncesinin-bayrami-bugun-de-ayni-heyecanla-kutlaniyor","tag-folklor","tag-kultur-sanat","tag-turizm-2"],"_links":{"self":[{"href":"https:\/\/archive.sana.sy\/tr\/index.php?rest_route=\/wp\/v2\/posts\/67386","targetHints":{"allow":["GET"]}}],"collection":[{"href":"https:\/\/archive.sana.sy\/tr\/index.php?rest_route=\/wp\/v2\/posts"}],"about":[{"href":"https:\/\/archive.sana.sy\/tr\/index.php?rest_route=\/wp\/v2\/types\/post"}],"author":[{"embeddable":true,"href":"https:\/\/archive.sana.sy\/tr\/index.php?rest_route=\/wp\/v2\/users\/1"}],"replies":[{"embeddable":true,"href":"https:\/\/archive.sana.sy\/tr\/index.php?rest_route=%2Fwp%2Fv2%2Fcomments&post=67386"}],"version-history":[{"count":0,"href":"https:\/\/archive.sana.sy\/tr\/index.php?rest_route=\/wp\/v2\/posts\/67386\/revisions"}],"wp:featuredmedia":[{"embeddable":true,"href":"https:\/\/archive.sana.sy\/tr\/index.php?rest_route=\/wp\/v2\/media\/67387"}],"wp:attachment":[{"href":"https:\/\/archive.sana.sy\/tr\/index.php?rest_route=%2Fwp%2Fv2%2Fmedia&parent=67386"}],"wp:term":[{"taxonomy":"category","embeddable":true,"href":"https:\/\/archive.sana.sy\/tr\/index.php?rest_route=%2Fwp%2Fv2%2Fcategories&post=67386"},{"taxonomy":"post_tag","embeddable":true,"href":"https:\/\/archive.sana.sy\/tr\/index.php?rest_route=%2Fwp%2Fv2%2Ftags&post=67386"}],"curies":[{"name":"wp","href":"https:\/\/api.w.org\/{rel}","templated":true}]}}