{"id":6740,"date":"2014-08-07T17:07:58","date_gmt":"2014-08-07T14:07:58","guid":{"rendered":"http:\/\/www.sana.sy\/tr\/?p=6740"},"modified":"2014-08-07T17:07:58","modified_gmt":"2014-08-07T14:07:58","slug":"nayif-yeniden-insa-ile-ilgili-projelere-oncelik-verilmelidir","status":"publish","type":"post","link":"https:\/\/archive.sana.sy\/tr\/?p=6740","title":{"rendered":"Nayif: Yeniden \u0130n\u015fa \u0130le \u0130lgili Projelere \u00d6ncelik Verilmelidir"},"content":{"rendered":"<p>\u015eAM \u2013 \u0130\u015flemleri Y\u00fcr\u00fctmekle M\u00fckellef Kabinede Sa\u011fl\u0131k Bakan\u0131 Saad Nayif; sa\u011fl\u0131k alan\u0131nda kalk\u0131nma ve geli\u015fmeyi sa\u011flayacak acil siyaset, program ve projeler haz\u0131rlanmas\u0131 ve uygulanmas\u0131 gerekti\u011fini dile getirdi.<\/p>\n<p>Basil Kalp Hastal\u0131klar\u0131 ve Cerrahisi Merkezinde bulunan sa\u011fl\u0131k personeli ile bir araya gelen Nayif; \u00fclkede sa\u011fl\u0131k alan\u0131nda \u00e7al\u0131\u015fan b\u00fct\u00fcn g\u00f6revlilere bu alandaki kanunlar\u0131n tam olarak uygulanmas\u0131 i\u00e7in gerekli b\u00fct\u00fcn \u00e7abay\u0131 harcamalar\u0131 \u00e7a\u011fr\u0131s\u0131nda bulundu.<\/p>\n<p>\u00dclkede b\u00fct\u00fcn alanlarda \u00f6zel, sivil ve kamu sekt\u00f6rleri aras\u0131nda bir b\u00fct\u00fcnl\u00fck olmas\u0131 gerekti\u011fine dikkat \u00e7eken Nayif; yeniden in\u015fa ve yap\u0131lanma ile ilgili plan ve projelerin uygulanmas\u0131na \u00f6ncelik verilmesinin \u00f6nemini belirtti.<\/p>\n<p>\u00d6te yandan sa\u011fl\u0131k enstit\u00fcs\u00fcn\u00fcn geli\u015ftirilmesi, ek uzmanl\u0131k alanlar\u0131 a\u00e7\u0131lmas\u0131, kamu alan\u0131ndaki sa\u011fl\u0131k kadrolar\u0131n\u0131n yeniden d\u00fczenlenmesi gibi gerekliklere i\u015faret eden toplant\u0131 kat\u0131l\u0131mc\u0131lar\u0131, sa\u011fl\u0131k alan\u0131nda \u00e7\u0131kan yeni yasa ve uygulamalar\u0131 personele ayr\u0131nt\u0131l\u0131 bir \u015fekilde anlatacak birlikler kurulmas\u0131 gerekti\u011fini dile getirdiler.<\/p>\n","protected":false},"excerpt":{"rendered":"<p>\u015eAM \u2013 \u0130\u015flemleri Y\u00fcr\u00fctmekle M\u00fckellef Kabinede Sa\u011fl\u0131k Bakan\u0131 Saad Nayif; sa\u011fl\u0131k alan\u0131nda kalk\u0131nma ve geli\u015fmeyi sa\u011flayacak acil siyaset, program ve projeler haz\u0131rlanmas\u0131 ve uygulanmas\u0131 gerekti\u011fini dile getirdi. Basil Kalp Hastal\u0131klar\u0131 ve Cerrahisi Merkezinde bulunan sa\u011fl\u0131k personeli ile bir araya gelen Nayif; \u00fclkede sa\u011fl\u0131k alan\u0131nda \u00e7al\u0131\u015fan b\u00fct\u00fcn g\u00f6revlilere bu alandaki kanunlar\u0131n tam olarak uygulanmas\u0131 i\u00e7in gerekli &hellip;<\/p>\n","protected":false},"author":1,"featured_media":6729,"comment_status":"closed","ping_status":"closed","sticky":false,"template":"","format":"standard","meta":{"footnotes":""},"categories":[479,478],"tags":[1512],"class_list":["post-6740","post","type-post","status-publish","format-standard","has-post-thumbnail","","category-haberler-yerel","category-yerel","tag-nayif-yeniden-insa-ile-ilgili-projelere-oncelik-verilmelidir"],"_links":{"self":[{"href":"https:\/\/archive.sana.sy\/tr\/index.php?rest_route=\/wp\/v2\/posts\/6740","targetHints":{"allow":["GET"]}}],"collection":[{"href":"https:\/\/archive.sana.sy\/tr\/index.php?rest_route=\/wp\/v2\/posts"}],"about":[{"href":"https:\/\/archive.sana.sy\/tr\/index.php?rest_route=\/wp\/v2\/types\/post"}],"author":[{"embeddable":true,"href":"https:\/\/archive.sana.sy\/tr\/index.php?rest_route=\/wp\/v2\/users\/1"}],"replies":[{"embeddable":true,"href":"https:\/\/archive.sana.sy\/tr\/index.php?rest_route=%2Fwp%2Fv2%2Fcomments&post=6740"}],"version-history":[{"count":0,"href":"https:\/\/archive.sana.sy\/tr\/index.php?rest_route=\/wp\/v2\/posts\/6740\/revisions"}],"wp:featuredmedia":[{"embeddable":true,"href":"https:\/\/archive.sana.sy\/tr\/index.php?rest_route=\/wp\/v2\/media\/6729"}],"wp:attachment":[{"href":"https:\/\/archive.sana.sy\/tr\/index.php?rest_route=%2Fwp%2Fv2%2Fmedia&parent=6740"}],"wp:term":[{"taxonomy":"category","embeddable":true,"href":"https:\/\/archive.sana.sy\/tr\/index.php?rest_route=%2Fwp%2Fv2%2Fcategories&post=6740"},{"taxonomy":"post_tag","embeddable":true,"href":"https:\/\/archive.sana.sy\/tr\/index.php?rest_route=%2Fwp%2Fv2%2Ftags&post=6740"}],"curies":[{"name":"wp","href":"https:\/\/api.w.org\/{rel}","templated":true}]}}