{"id":67437,"date":"2016-04-02T17:15:25","date_gmt":"2016-04-02T14:15:25","guid":{"rendered":"http:\/\/sana.sy\/tr\/?p=67437"},"modified":"2016-04-03T17:11:43","modified_gmt":"2016-04-03T14:11:43","slug":"dera-kirsalinda-rus-yardimlar-dagitildi","status":"publish","type":"post","link":"https:\/\/archive.sana.sy\/tr\/?p=67437","title":{"rendered":"Dera K\u0131rsal\u0131nda Rus Yard\u0131mlar Da\u011f\u0131t\u0131ld\u0131"},"content":{"rendered":"<p>DERA \u2013 Dera Valili\u011fi bug\u00fcn Rusya h\u00fck\u00fcmetinden gelen insani yard\u0131mlar\u0131 K\u0131rfa Beldesi ahalisine da\u011f\u0131tt\u0131.<\/p>\n<p>Dera Valisi Muhammed Halit el Hanus 600 ferdi insani yard\u0131m paketinin beldede ihtiya\u00e7 sahiplerine da\u011f\u0131t\u0131ld\u0131\u011f\u0131n\u0131 ifade ederken, Rus dostlar\u0131n ter\u00f6rle m\u00fccadelede Suriye ordusuna desteklerine e\u015f zamanl\u0131 olarak insani durumlar\u0131n iyile\u015ftirilmesi katk\u0131lar\u0131 \u00e7er\u00e7evesinde bulunduklar\u0131 yard\u0131mlar\u0131n da takdire \u015fayan oldu\u011funu ifade etti.<\/p>\n<p>\u0130nsani yard\u0131m organizat\u00f6r\u00fc Rus Albay Yuri Vedrovic; Rusya ve Suriye&#8217;nin halklar\u0131 ve y\u00f6netimleriyle iki dost \u00fclke olduklar\u0131na dikkat \u00e7ekerken, Suriye genelinde y\u00fcr\u00fct\u00fclmekte olan ulusal uzla\u015fma \u00e7abalar\u0131n\u0131n krizin son bulmas\u0131na ciddi katk\u0131 sa\u011flayaca\u011f\u0131na inand\u0131\u011f\u0131n\u0131 ifade etti.<\/p>\n<p>Sosyal \u0130\u015fler \u015eube M\u00fcd\u00fcr\u00fc Nebel el Hariri ise Rusya&#8217;n\u0131n g\u00f6nderdi\u011fi insani yard\u0131mlar\u0131n ikinci partisinin beldede yoksul ve tehcir edilen ailelere da\u011f\u0131t\u0131ld\u0131\u011f\u0131n\u0131 s\u00f6yledi.<\/p>\n","protected":false},"excerpt":{"rendered":"<p>DERA \u2013 Dera Valili\u011fi bug\u00fcn Rusya h\u00fck\u00fcmetinden gelen insani yard\u0131mlar\u0131 K\u0131rfa Beldesi ahalisine da\u011f\u0131tt\u0131. Dera Valisi Muhammed Halit el Hanus 600 ferdi insani yard\u0131m paketinin beldede ihtiya\u00e7 sahiplerine da\u011f\u0131t\u0131ld\u0131\u011f\u0131n\u0131 ifade ederken, Rus dostlar\u0131n ter\u00f6rle m\u00fccadelede Suriye ordusuna desteklerine e\u015f zamanl\u0131 olarak insani durumlar\u0131n iyile\u015ftirilmesi katk\u0131lar\u0131 \u00e7er\u00e7evesinde bulunduklar\u0131 yard\u0131mlar\u0131n da takdire \u015fayan oldu\u011funu ifade etti. \u0130nsani &hellip;<\/p>\n","protected":false},"author":1,"featured_media":67438,"comment_status":"closed","ping_status":"closed","sticky":false,"template":"","format":"standard","meta":{"footnotes":""},"categories":[479,575,17988,478],"tags":[],"class_list":["post-67437","post","type-post","status-publish","format-standard","has-post-thumbnail","","category-haberler-yerel","category-olaylar-ve-gercekler","category-son-haberler","category-yerel"],"_links":{"self":[{"href":"https:\/\/archive.sana.sy\/tr\/index.php?rest_route=\/wp\/v2\/posts\/67437","targetHints":{"allow":["GET"]}}],"collection":[{"href":"https:\/\/archive.sana.sy\/tr\/index.php?rest_route=\/wp\/v2\/posts"}],"about":[{"href":"https:\/\/archive.sana.sy\/tr\/index.php?rest_route=\/wp\/v2\/types\/post"}],"author":[{"embeddable":true,"href":"https:\/\/archive.sana.sy\/tr\/index.php?rest_route=\/wp\/v2\/users\/1"}],"replies":[{"embeddable":true,"href":"https:\/\/archive.sana.sy\/tr\/index.php?rest_route=%2Fwp%2Fv2%2Fcomments&post=67437"}],"version-history":[{"count":0,"href":"https:\/\/archive.sana.sy\/tr\/index.php?rest_route=\/wp\/v2\/posts\/67437\/revisions"}],"wp:featuredmedia":[{"embeddable":true,"href":"https:\/\/archive.sana.sy\/tr\/index.php?rest_route=\/wp\/v2\/media\/67438"}],"wp:attachment":[{"href":"https:\/\/archive.sana.sy\/tr\/index.php?rest_route=%2Fwp%2Fv2%2Fmedia&parent=67437"}],"wp:term":[{"taxonomy":"category","embeddable":true,"href":"https:\/\/archive.sana.sy\/tr\/index.php?rest_route=%2Fwp%2Fv2%2Fcategories&post=67437"},{"taxonomy":"post_tag","embeddable":true,"href":"https:\/\/archive.sana.sy\/tr\/index.php?rest_route=%2Fwp%2Fv2%2Ftags&post=67437"}],"curies":[{"name":"wp","href":"https:\/\/api.w.org\/{rel}","templated":true}]}}