{"id":67441,"date":"2016-04-02T21:08:10","date_gmt":"2016-04-02T18:08:10","guid":{"rendered":"http:\/\/sana.sy\/tr\/?p=67441"},"modified":"2016-04-03T17:11:40","modified_gmt":"2016-04-03T14:11:40","slug":"halepte-yeni-ihlalde-1-cocuk-sehit-oldu","status":"publish","type":"post","link":"https:\/\/archive.sana.sy\/tr\/?p=67441","title":{"rendered":"Halep\u2019te Yeni \u0130hlalde 1 \u00c7ocuk \u015eehit Oldu"},"content":{"rendered":"<p>HALEP \u2013 Halep Kentinde \u0130hvanc\u0131 Erdo\u011fan rejimine ba\u011fl\u0131 ter\u00f6r \u00f6rg\u00fctlerinin \u00e7at\u0131\u015fmalar\u0131 durdurma anla\u015fmas\u0131na yeni bir ihlallerinde bug\u00fcn \u015eeyh Maksud Semtindeki savunmas\u0131z insanlar\u0131 ve g\u00fcvenli alanlar\u0131 f\u00fczelerle hedef ald\u0131.<\/p>\n<p>Halep Kentinin Kuzey kenarlar\u0131na d\u00fc\u015fen \u015eeyh Meksud Semtinde yerel kaynaklar SANA\u2019ya a\u00e7\u0131klamalar\u0131nda; \u00e7at\u0131\u015fmalar\u0131 durdurma anla\u015fmas\u0131n\u0131 kabul ettiklerini ilan eden ve yak\u0131n semtlerde siperlenen ter\u00f6r gruplan\u0131n f\u0131rlatt\u0131\u011f\u0131 5 f\u00fczenin yerle\u015fim binalar\u0131na d\u00fc\u015ft\u00fc\u011f\u00fcn\u00fc aktard\u0131. Kaynaklar ter\u00f6r sald\u0131r\u0131lar\u0131nda bir \u00e7ocu\u011fun \u015fehit d\u00fc\u015ft\u00fc\u011f\u00fcn\u00fc; \u00e7ocuklar\u0131yla birlikte bir kad\u0131n\u0131n aralar\u0131nda bulundu\u011fu birka\u00e7 vatanda\u015f\u0131n da yaral\u0131 d\u00fc\u015ft\u00fcklerini ifade etti.<\/p>\n","protected":false},"excerpt":{"rendered":"<p>HALEP \u2013 Halep Kentinde \u0130hvanc\u0131 Erdo\u011fan rejimine ba\u011fl\u0131 ter\u00f6r \u00f6rg\u00fctlerinin \u00e7at\u0131\u015fmalar\u0131 durdurma anla\u015fmas\u0131na yeni bir ihlallerinde bug\u00fcn \u015eeyh Maksud Semtindeki savunmas\u0131z insanlar\u0131 ve g\u00fcvenli alanlar\u0131 f\u00fczelerle hedef ald\u0131. Halep Kentinin Kuzey kenarlar\u0131na d\u00fc\u015fen \u015eeyh Meksud Semtinde yerel kaynaklar SANA\u2019ya a\u00e7\u0131klamalar\u0131nda; \u00e7at\u0131\u015fmalar\u0131 durdurma anla\u015fmas\u0131n\u0131 kabul ettiklerini ilan eden ve yak\u0131n semtlerde siperlenen ter\u00f6r gruplan\u0131n f\u0131rlatt\u0131\u011f\u0131 5 &hellip;<\/p>\n","protected":false},"author":1,"featured_media":67442,"comment_status":"closed","ping_status":"closed","sticky":false,"template":"","format":"standard","meta":{"footnotes":""},"categories":[575,17988],"tags":[20264,20265],"class_list":["post-67441","post","type-post","status-publish","format-standard","has-post-thumbnail","","category-olaylar-ve-gercekler","category-son-haberler","tag-halepte-yeni-ihlalde-1-cocuk-sehit-oldu","tag-seyh-meksud-semtinde-yerel-kaynaklar"],"_links":{"self":[{"href":"https:\/\/archive.sana.sy\/tr\/index.php?rest_route=\/wp\/v2\/posts\/67441","targetHints":{"allow":["GET"]}}],"collection":[{"href":"https:\/\/archive.sana.sy\/tr\/index.php?rest_route=\/wp\/v2\/posts"}],"about":[{"href":"https:\/\/archive.sana.sy\/tr\/index.php?rest_route=\/wp\/v2\/types\/post"}],"author":[{"embeddable":true,"href":"https:\/\/archive.sana.sy\/tr\/index.php?rest_route=\/wp\/v2\/users\/1"}],"replies":[{"embeddable":true,"href":"https:\/\/archive.sana.sy\/tr\/index.php?rest_route=%2Fwp%2Fv2%2Fcomments&post=67441"}],"version-history":[{"count":0,"href":"https:\/\/archive.sana.sy\/tr\/index.php?rest_route=\/wp\/v2\/posts\/67441\/revisions"}],"wp:featuredmedia":[{"embeddable":true,"href":"https:\/\/archive.sana.sy\/tr\/index.php?rest_route=\/wp\/v2\/media\/67442"}],"wp:attachment":[{"href":"https:\/\/archive.sana.sy\/tr\/index.php?rest_route=%2Fwp%2Fv2%2Fmedia&parent=67441"}],"wp:term":[{"taxonomy":"category","embeddable":true,"href":"https:\/\/archive.sana.sy\/tr\/index.php?rest_route=%2Fwp%2Fv2%2Fcategories&post=67441"},{"taxonomy":"post_tag","embeddable":true,"href":"https:\/\/archive.sana.sy\/tr\/index.php?rest_route=%2Fwp%2Fv2%2Ftags&post=67441"}],"curies":[{"name":"wp","href":"https:\/\/api.w.org\/{rel}","templated":true}]}}