{"id":67449,"date":"2016-04-03T11:56:26","date_gmt":"2016-04-03T08:56:26","guid":{"rendered":"http:\/\/sana.sy\/tr\/?p=67449"},"modified":"2016-04-04T09:08:24","modified_gmt":"2016-04-04T06:08:24","slug":"cocuklar-gelecegin-sembolu-kalkinmanin-temelidirvideo","status":"publish","type":"post","link":"https:\/\/archive.sana.sy\/tr\/?p=67449","title":{"rendered":"\u00c7ocuklar Gelece\u011fin Sembol\u00fc Kalk\u0131nman\u0131n Temelidir(video)"},"content":{"rendered":"<p>\u015eAM \u2013 D\u00fcnya Yetimler Haftas\u0131 m\u00fcnasebetiyle ve say\u0131n Esma el Esad\u2019\u0131n g\u00f6zetimi ve deste\u011fi ile d\u00fczenlenen etkinlikler yetimlerin y\u00fcz\u00fcnde mutlu bir tebess\u00fcm olu\u015fturdu.<\/p>\n<p>\u015eifal\u0131 Dokunu\u015f Cemiyeti ve B\u00fcy\u00fck \u0130dea \u015eirketinin i\u015fbirli\u011fi i\u00e7erisinde ve Say\u0131n el Esad\u2019\u0131n g\u00f6zetiminde d\u00fcn Te\u015frin Park\u0131nda d\u00fczenlenen e\u011flence program\u0131 bir yandan yetim \u00e7ocuklar\u0131n yeteneklerini geli\u015ftirirken bir yandan da y\u00fczlerinde unutulmaz bir tebess\u00fcm olu\u015fturdu.<\/p>\n<p>Program kapsam\u0131nda kurulan mini sirkte sergilenen g\u00f6sterileri \u015fa\u015fk\u0131nl\u0131k ve be\u011feni ile izleyen \u00e7ocuklar canland\u0131r\u0131larak anlat\u0131lan masallarla hayal d\u00fcnyalar\u0131nda keyifli gezintiler yapt\u0131lar. Ayr\u0131ca program\u0131n son a\u015famas\u0131nda da\u011f\u0131t\u0131lan masal kitaplar\u0131 ve hediyeler \u00e7ocuklara b\u00fcy\u00fck bir sevin\u00e7 ya\u015fatt\u0131.<\/p>\n<p>Sosyal \u0130\u015flerden Sorumlu Devlet Bakan\u0131 Rima Kadiri SANA\u2019ya yapt\u0131\u011f\u0131 a\u00e7\u0131klamada, sosyal kalk\u0131nman\u0131n temelinde \u00e7ocuklar\u0131n bulundu\u011funu ifade ederek Suriye devleti ve \u00fclkedeki sivil sekt\u00f6r\u00fcn yetim \u00e7ocuklar\u0131 g\u00f6zetmeye ve korumaya devam etti\u011fini ve gelece\u011fin sembol\u00fc olan bu \u00e7ocuklar\u0131n e\u011fitimden sa\u011fl\u0131\u011fa kadar b\u00fct\u00fcn ihtiya\u00e7lar\u0131n\u0131n eksiksiz bir \u015fekilde kar\u015f\u0131land\u0131\u011f\u0131n\u0131n alt\u0131n\u0131 \u00e7izdi.<\/p>\n<p>Di\u011fer taraftan \u015eifal\u0131 Dokunu\u015f Cemiyeti M\u00fcd\u00fcr\u00fc MahaNevelati, bu etkinli\u011fin cemiyetin yetim \u00e7ocuklar i\u00e7in yapmakta oldu\u011fu faaliyetlerin k\u00fc\u00e7\u00fck bir par\u00e7as\u0131 oldu\u011funa i\u015faret ederek Cemiyetin \u00f6n\u00fcm\u00fczdeki g\u00fcnlerde \u015fehit \u00e7ocuklar\u0131 i\u00e7in \u00f6zel bir etkinlik d\u00fczenleme haz\u0131rl\u0131\u011f\u0131nda oldu\u011funu belirtti.<\/p>\n<p>B\u00fcy\u00fck \u0130dea \u015eirketi Md\u00fcr\u00fcLema Lutfi, yetim \u00e7ocuklar\u0131n yaln\u0131z olmad\u0131\u011f\u0131n\u0131n bir ifadesi olarak bu etkinli\u011fin d\u00fczenlendi\u011fini dile getirerek yetim \u00e7ocuklar\u0131n toplumda etkin bireyler haline gelmeleri ve mutlu bir gelecek kurmalar\u0131 i\u00e7in her \u015feyden \u00f6nce anne baba \u015fefkatinden uzak olmalar\u0131n\u0131n telafi edilmesi gerekti\u011fini vurgulad\u0131.<\/p>\n<p>Etkinli\u011fe Turizm Bakan\u0131 Bu\u015fr Yaz\u0131c\u0131 da kat\u0131ld\u0131.<\/p>\n<p>Bilinece\u011fi \u00fczere her y\u0131l Nisan ay\u0131n\u0131n ilk haftas\u0131 b\u00fct\u00fcn d\u00fcnya \u00fclkelerinde Yetimler Haftas\u0131 olarak kutlan\u0131yor.<\/p>\n<div id='gallery-1' class='gallery galleryid-67449 gallery-columns-2 gallery-size-medium'><figure class='gallery-item'>\n\t\t\t<div class='gallery-icon landscape'>\n\t\t\t\t<a href='https:\/\/archive.sana.sy\/tr\/wp-content\/uploads\/2016\/04\/2-2.jpg'><img loading=\"lazy\" decoding=\"async\" width=\"300\" height=\"172\" src=\"https:\/\/archive.sana.sy\/tr\/wp-content\/uploads\/2016\/04\/2-2-300x172.jpg\" class=\"attachment-medium size-medium\" alt=\"\" srcset=\"https:\/\/archive.sana.sy\/tr\/wp-content\/uploads\/2016\/04\/2-2-300x172.jpg 300w, https:\/\/archive.sana.sy\/tr\/wp-content\/uploads\/2016\/04\/2-2-150x86.jpg 150w, https:\/\/archive.sana.sy\/tr\/wp-content\/uploads\/2016\/04\/2-2-768x440.jpg 768w, https:\/\/archive.sana.sy\/tr\/wp-content\/uploads\/2016\/04\/2-2-1024x587.jpg 1024w\" sizes=\"auto, (max-width: 300px) 100vw, 300px\" \/><\/a>\n\t\t\t<\/div><\/figure><figure class='gallery-item'>\n\t\t\t<div class='gallery-icon landscape'>\n\t\t\t\t<a href='https:\/\/archive.sana.sy\/tr\/wp-content\/uploads\/2016\/04\/3-2.jpg'><img loading=\"lazy\" decoding=\"async\" width=\"300\" height=\"201\" src=\"https:\/\/archive.sana.sy\/tr\/wp-content\/uploads\/2016\/04\/3-2-300x201.jpg\" class=\"attachment-medium size-medium\" alt=\"\" srcset=\"https:\/\/archive.sana.sy\/tr\/wp-content\/uploads\/2016\/04\/3-2-300x201.jpg 300w, https:\/\/archive.sana.sy\/tr\/wp-content\/uploads\/2016\/04\/3-2-150x100.jpg 150w, https:\/\/archive.sana.sy\/tr\/wp-content\/uploads\/2016\/04\/3-2-768x514.jpg 768w, https:\/\/archive.sana.sy\/tr\/wp-content\/uploads\/2016\/04\/3-2-1024x685.jpg 1024w, https:\/\/archive.sana.sy\/tr\/wp-content\/uploads\/2016\/04\/3-2-110x75.jpg 110w\" sizes=\"auto, (max-width: 300px) 100vw, 300px\" \/><\/a>\n\t\t\t<\/div><\/figure><figure class='gallery-item'>\n\t\t\t<div class='gallery-icon landscape'>\n\t\t\t\t<a href='https:\/\/archive.sana.sy\/tr\/wp-content\/uploads\/2016\/04\/4-2.jpg'><img loading=\"lazy\" decoding=\"async\" width=\"300\" height=\"201\" src=\"https:\/\/archive.sana.sy\/tr\/wp-content\/uploads\/2016\/04\/4-2-300x201.jpg\" class=\"attachment-medium size-medium\" alt=\"\" srcset=\"https:\/\/archive.sana.sy\/tr\/wp-content\/uploads\/2016\/04\/4-2-300x201.jpg 300w, https:\/\/archive.sana.sy\/tr\/wp-content\/uploads\/2016\/04\/4-2-150x100.jpg 150w, https:\/\/archive.sana.sy\/tr\/wp-content\/uploads\/2016\/04\/4-2-768x514.jpg 768w, https:\/\/archive.sana.sy\/tr\/wp-content\/uploads\/2016\/04\/4-2-1024x685.jpg 1024w, https:\/\/archive.sana.sy\/tr\/wp-content\/uploads\/2016\/04\/4-2-110x75.jpg 110w\" sizes=\"auto, (max-width: 300px) 100vw, 300px\" \/><\/a>\n\t\t\t<\/div><\/figure><figure class='gallery-item'>\n\t\t\t<div class='gallery-icon landscape'>\n\t\t\t\t<a href='https:\/\/archive.sana.sy\/tr\/wp-content\/uploads\/2016\/04\/5-1.jpg'><img loading=\"lazy\" decoding=\"async\" width=\"300\" height=\"201\" src=\"https:\/\/archive.sana.sy\/tr\/wp-content\/uploads\/2016\/04\/5-1-300x201.jpg\" class=\"attachment-medium size-medium\" alt=\"\" srcset=\"https:\/\/archive.sana.sy\/tr\/wp-content\/uploads\/2016\/04\/5-1-300x201.jpg 300w, https:\/\/archive.sana.sy\/tr\/wp-content\/uploads\/2016\/04\/5-1-150x100.jpg 150w, https:\/\/archive.sana.sy\/tr\/wp-content\/uploads\/2016\/04\/5-1-768x514.jpg 768w, https:\/\/archive.sana.sy\/tr\/wp-content\/uploads\/2016\/04\/5-1-1024x685.jpg 1024w, https:\/\/archive.sana.sy\/tr\/wp-content\/uploads\/2016\/04\/5-1-110x75.jpg 110w\" sizes=\"auto, (max-width: 300px) 100vw, 300px\" \/><\/a>\n\t\t\t<\/div><\/figure><figure class='gallery-item'>\n\t\t\t<div class='gallery-icon landscape'>\n\t\t\t\t<a href='https:\/\/archive.sana.sy\/tr\/wp-content\/uploads\/2016\/04\/6-2.jpg'><img loading=\"lazy\" decoding=\"async\" width=\"300\" height=\"201\" src=\"https:\/\/archive.sana.sy\/tr\/wp-content\/uploads\/2016\/04\/6-2-300x201.jpg\" class=\"attachment-medium size-medium\" alt=\"\" srcset=\"https:\/\/archive.sana.sy\/tr\/wp-content\/uploads\/2016\/04\/6-2-300x201.jpg 300w, https:\/\/archive.sana.sy\/tr\/wp-content\/uploads\/2016\/04\/6-2-150x100.jpg 150w, https:\/\/archive.sana.sy\/tr\/wp-content\/uploads\/2016\/04\/6-2-768x514.jpg 768w, https:\/\/archive.sana.sy\/tr\/wp-content\/uploads\/2016\/04\/6-2-1024x685.jpg 1024w, https:\/\/archive.sana.sy\/tr\/wp-content\/uploads\/2016\/04\/6-2-110x75.jpg 110w\" sizes=\"auto, (max-width: 300px) 100vw, 300px\" \/><\/a>\n\t\t\t<\/div><\/figure><figure class='gallery-item'>\n\t\t\t<div class='gallery-icon landscape'>\n\t\t\t\t<a href='https:\/\/archive.sana.sy\/tr\/wp-content\/uploads\/2016\/04\/7-1.jpg'><img loading=\"lazy\" decoding=\"async\" width=\"300\" height=\"201\" src=\"https:\/\/archive.sana.sy\/tr\/wp-content\/uploads\/2016\/04\/7-1-300x201.jpg\" class=\"attachment-medium size-medium\" alt=\"\" srcset=\"https:\/\/archive.sana.sy\/tr\/wp-content\/uploads\/2016\/04\/7-1-300x201.jpg 300w, https:\/\/archive.sana.sy\/tr\/wp-content\/uploads\/2016\/04\/7-1-150x100.jpg 150w, https:\/\/archive.sana.sy\/tr\/wp-content\/uploads\/2016\/04\/7-1-768x514.jpg 768w, https:\/\/archive.sana.sy\/tr\/wp-content\/uploads\/2016\/04\/7-1-1024x685.jpg 1024w, https:\/\/archive.sana.sy\/tr\/wp-content\/uploads\/2016\/04\/7-1-110x75.jpg 110w\" sizes=\"auto, (max-width: 300px) 100vw, 300px\" \/><\/a>\n\t\t\t<\/div><\/figure><figure class='gallery-item'>\n\t\t\t<div class='gallery-icon landscape'>\n\t\t\t\t<a href='https:\/\/archive.sana.sy\/tr\/wp-content\/uploads\/2016\/04\/8.jpg'><img loading=\"lazy\" decoding=\"async\" width=\"300\" height=\"201\" src=\"https:\/\/archive.sana.sy\/tr\/wp-content\/uploads\/2016\/04\/8-300x201.jpg\" class=\"attachment-medium size-medium\" alt=\"\" srcset=\"https:\/\/archive.sana.sy\/tr\/wp-content\/uploads\/2016\/04\/8-300x201.jpg 300w, https:\/\/archive.sana.sy\/tr\/wp-content\/uploads\/2016\/04\/8-150x100.jpg 150w, https:\/\/archive.sana.sy\/tr\/wp-content\/uploads\/2016\/04\/8-768x514.jpg 768w, https:\/\/archive.sana.sy\/tr\/wp-content\/uploads\/2016\/04\/8-1024x685.jpg 1024w, https:\/\/archive.sana.sy\/tr\/wp-content\/uploads\/2016\/04\/8-110x75.jpg 110w\" sizes=\"auto, (max-width: 300px) 100vw, 300px\" \/><\/a>\n\t\t\t<\/div><\/figure><figure class='gallery-item'>\n\t\t\t<div class='gallery-icon landscape'>\n\t\t\t\t<a href='https:\/\/archive.sana.sy\/tr\/wp-content\/uploads\/2016\/04\/9.jpg'><img loading=\"lazy\" decoding=\"async\" width=\"300\" height=\"201\" src=\"https:\/\/archive.sana.sy\/tr\/wp-content\/uploads\/2016\/04\/9-300x201.jpg\" class=\"attachment-medium size-medium\" alt=\"\" srcset=\"https:\/\/archive.sana.sy\/tr\/wp-content\/uploads\/2016\/04\/9-300x201.jpg 300w, https:\/\/archive.sana.sy\/tr\/wp-content\/uploads\/2016\/04\/9-150x100.jpg 150w, https:\/\/archive.sana.sy\/tr\/wp-content\/uploads\/2016\/04\/9-768x514.jpg 768w, https:\/\/archive.sana.sy\/tr\/wp-content\/uploads\/2016\/04\/9-1024x685.jpg 1024w, https:\/\/archive.sana.sy\/tr\/wp-content\/uploads\/2016\/04\/9-110x75.jpg 110w\" sizes=\"auto, (max-width: 300px) 100vw, 300px\" \/><\/a>\n\t\t\t<\/div><\/figure>\n\t\t<\/div>\n\n<p>https:\/\/youtu.be\/XeOTyUjLB5Y<\/p>\n<p>F.B. &#8211; R.H.<\/p>\n","protected":false},"excerpt":{"rendered":"<p>\u015eAM \u2013 D\u00fcnya Yetimler Haftas\u0131 m\u00fcnasebetiyle ve say\u0131n Esma el Esad\u2019\u0131n g\u00f6zetimi ve deste\u011fi ile d\u00fczenlenen etkinlikler yetimlerin y\u00fcz\u00fcnde mutlu bir tebess\u00fcm olu\u015fturdu. \u015eifal\u0131 Dokunu\u015f Cemiyeti ve B\u00fcy\u00fck \u0130dea \u015eirketinin i\u015fbirli\u011fi i\u00e7erisinde ve Say\u0131n el Esad\u2019\u0131n g\u00f6zetiminde d\u00fcn Te\u015frin Park\u0131nda d\u00fczenlenen e\u011flence program\u0131 bir yandan yetim \u00e7ocuklar\u0131n yeteneklerini geli\u015ftirirken bir yandan da y\u00fczlerinde unutulmaz bir &hellip;<\/p>\n","protected":false},"author":1,"featured_media":67450,"comment_status":"closed","ping_status":"closed","sticky":false,"template":"","format":"standard","meta":{"footnotes":""},"categories":[479,17988,478],"tags":[20266],"class_list":["post-67449","post","type-post","status-publish","format-standard","has-post-thumbnail","","category-haberler-yerel","category-son-haberler","category-yerel","tag-cocuklar-gelecegin-sembolu-kalkinmanin-temelidir"],"_links":{"self":[{"href":"https:\/\/archive.sana.sy\/tr\/index.php?rest_route=\/wp\/v2\/posts\/67449","targetHints":{"allow":["GET"]}}],"collection":[{"href":"https:\/\/archive.sana.sy\/tr\/index.php?rest_route=\/wp\/v2\/posts"}],"about":[{"href":"https:\/\/archive.sana.sy\/tr\/index.php?rest_route=\/wp\/v2\/types\/post"}],"author":[{"embeddable":true,"href":"https:\/\/archive.sana.sy\/tr\/index.php?rest_route=\/wp\/v2\/users\/1"}],"replies":[{"embeddable":true,"href":"https:\/\/archive.sana.sy\/tr\/index.php?rest_route=%2Fwp%2Fv2%2Fcomments&post=67449"}],"version-history":[{"count":0,"href":"https:\/\/archive.sana.sy\/tr\/index.php?rest_route=\/wp\/v2\/posts\/67449\/revisions"}],"wp:featuredmedia":[{"embeddable":true,"href":"https:\/\/archive.sana.sy\/tr\/index.php?rest_route=\/wp\/v2\/media\/67450"}],"wp:attachment":[{"href":"https:\/\/archive.sana.sy\/tr\/index.php?rest_route=%2Fwp%2Fv2%2Fmedia&parent=67449"}],"wp:term":[{"taxonomy":"category","embeddable":true,"href":"https:\/\/archive.sana.sy\/tr\/index.php?rest_route=%2Fwp%2Fv2%2Fcategories&post=67449"},{"taxonomy":"post_tag","embeddable":true,"href":"https:\/\/archive.sana.sy\/tr\/index.php?rest_route=%2Fwp%2Fv2%2Ftags&post=67449"}],"curies":[{"name":"wp","href":"https:\/\/api.w.org\/{rel}","templated":true}]}}