{"id":67458,"date":"2016-04-03T12:04:44","date_gmt":"2016-04-03T09:04:44","guid":{"rendered":"http:\/\/sana.sy\/tr\/?p=67458"},"modified":"2016-04-03T12:05:59","modified_gmt":"2016-04-03T09:05:59","slug":"dunya-yetimler-haftasi-munasebetiyle-ve-sayin-esma-el-esadin-gozetimi-ve-destegi-ile-duzenlenen-etkinlikler-yetimlerin-yuzunde-mutlu-bir-tebessum-olusturdu","status":"publish","type":"post","link":"https:\/\/archive.sana.sy\/tr\/?p=67458","title":{"rendered":"\u00c7ocuklar Gelece\u011fin Sembol\u00fc Kalk\u0131nman\u0131n Temelidir"},"content":{"rendered":"<p>D\u00fcnya Yetimler Haftas\u0131 m\u00fcnasebetiyle ve Say\u0131n Esma el Esad\u2019\u0131n g\u00f6zetimi ve deste\u011fi ile d\u00fczenlenen etkinlikler yetimlerin y\u00fcz\u00fcnde mutlu bir tebess\u00fcm olu\u015fturdu<\/p>\n<p>https:\/\/youtu.be\/XeOTyUjLB5Y<\/p>\n<p>R.H.<\/p>\n","protected":false},"excerpt":{"rendered":"<p>D\u00fcnya Yetimler Haftas\u0131 m\u00fcnasebetiyle ve Say\u0131n Esma el Esad\u2019\u0131n g\u00f6zetimi ve deste\u011fi ile d\u00fczenlenen etkinlikler yetimlerin y\u00fcz\u00fcnde mutlu bir tebess\u00fcm olu\u015fturdu https:\/\/youtu.be\/XeOTyUjLB5Y R.H.<\/p>\n","protected":false},"author":1,"featured_media":67450,"comment_status":"closed","ping_status":"closed","sticky":false,"template":"","format":"standard","meta":{"footnotes":""},"categories":[18295],"tags":[20267],"class_list":["post-67458","post","type-post","status-publish","format-standard","has-post-thumbnail","","category-sana-video","tag-dunya-yetimler-haftasi-munasebetiyle-ve-sayin-esma-el-esadin-gozetimi-ve-destegi-ile-duzenlenen-etkinlikler-yetimlerin-yuzunde-mutlu-bir-tebessum-olusturdu"],"_links":{"self":[{"href":"https:\/\/archive.sana.sy\/tr\/index.php?rest_route=\/wp\/v2\/posts\/67458","targetHints":{"allow":["GET"]}}],"collection":[{"href":"https:\/\/archive.sana.sy\/tr\/index.php?rest_route=\/wp\/v2\/posts"}],"about":[{"href":"https:\/\/archive.sana.sy\/tr\/index.php?rest_route=\/wp\/v2\/types\/post"}],"author":[{"embeddable":true,"href":"https:\/\/archive.sana.sy\/tr\/index.php?rest_route=\/wp\/v2\/users\/1"}],"replies":[{"embeddable":true,"href":"https:\/\/archive.sana.sy\/tr\/index.php?rest_route=%2Fwp%2Fv2%2Fcomments&post=67458"}],"version-history":[{"count":0,"href":"https:\/\/archive.sana.sy\/tr\/index.php?rest_route=\/wp\/v2\/posts\/67458\/revisions"}],"wp:featuredmedia":[{"embeddable":true,"href":"https:\/\/archive.sana.sy\/tr\/index.php?rest_route=\/wp\/v2\/media\/67450"}],"wp:attachment":[{"href":"https:\/\/archive.sana.sy\/tr\/index.php?rest_route=%2Fwp%2Fv2%2Fmedia&parent=67458"}],"wp:term":[{"taxonomy":"category","embeddable":true,"href":"https:\/\/archive.sana.sy\/tr\/index.php?rest_route=%2Fwp%2Fv2%2Fcategories&post=67458"},{"taxonomy":"post_tag","embeddable":true,"href":"https:\/\/archive.sana.sy\/tr\/index.php?rest_route=%2Fwp%2Fv2%2Ftags&post=67458"}],"curies":[{"name":"wp","href":"https:\/\/api.w.org\/{rel}","templated":true}]}}