{"id":67472,"date":"2016-04-03T11:50:28","date_gmt":"2016-04-03T08:50:28","guid":{"rendered":"http:\/\/www.sana.sy\/tr\/?p=67472"},"modified":"2016-04-03T13:58:22","modified_gmt":"2016-04-03T10:58:22","slug":"askeri-kaynak-sanaya-aciklamasinda-hava-guclerimizin-homs-kirsalinin-guneydogusu-karyeteyn-kentinin-dogu-ve-guney-bolgelerine-ilaveten-bsayri-koyunde-isid-mevkileri-ve-hareketlenmelerini-imha","status":"publish","type":"post","link":"https:\/\/archive.sana.sy\/tr\/?p=67472","title":{"rendered":"Askeri kaynak SANA\u2019ya a\u00e7\u0131klamas\u0131nda hava g\u00fc\u00e7lerimizin Homs k\u0131rsal\u0131n\u0131n g\u00fcneydo\u011fusu Karyeteyn Kentinin do\u011fu ve g\u00fcney b\u00f6lgelerine ilaveten Bsayr\u0131 K\u00f6y\u00fcnde I\u015e\u0130D mevkileri ve hareketlenmelerini imha ettiklerini belirtti"},"content":{"rendered":"<p>Askeri kaynak SANA\u2019ya a\u00e7\u0131klamas\u0131nda hava g\u00fc\u00e7lerimizin Homs k\u0131rsal\u0131n\u0131n g\u00fcneydo\u011fusu Karyeteyn Kentinin do\u011fu ve g\u00fcney b\u00f6lgelerine ilaveten Bsayr\u0131 K\u00f6y\u00fcnde I\u015e\u0130D mevkileri ve hareketlenmelerini imha ettiklerini belirtti<\/p>\n","protected":false},"excerpt":{"rendered":"<p>Askeri kaynak SANA\u2019ya a\u00e7\u0131klamas\u0131nda hava g\u00fc\u00e7lerimizin Homs k\u0131rsal\u0131n\u0131n g\u00fcneydo\u011fusu Karyeteyn Kentinin do\u011fu ve g\u00fcney b\u00f6lgelerine ilaveten Bsayr\u0131 K\u00f6y\u00fcnde I\u015e\u0130D mevkileri ve hareketlenmelerini imha ettiklerini belirtti<\/p>\n","protected":false},"author":1,"featured_media":0,"comment_status":"closed","ping_status":"closed","sticky":false,"template":"","format":"standard","meta":{"footnotes":""},"categories":[17991],"tags":[],"class_list":["post-67472","post","type-post","status-publish","format-standard","","category-son-dakika"],"_links":{"self":[{"href":"https:\/\/archive.sana.sy\/tr\/index.php?rest_route=\/wp\/v2\/posts\/67472","targetHints":{"allow":["GET"]}}],"collection":[{"href":"https:\/\/archive.sana.sy\/tr\/index.php?rest_route=\/wp\/v2\/posts"}],"about":[{"href":"https:\/\/archive.sana.sy\/tr\/index.php?rest_route=\/wp\/v2\/types\/post"}],"author":[{"embeddable":true,"href":"https:\/\/archive.sana.sy\/tr\/index.php?rest_route=\/wp\/v2\/users\/1"}],"replies":[{"embeddable":true,"href":"https:\/\/archive.sana.sy\/tr\/index.php?rest_route=%2Fwp%2Fv2%2Fcomments&post=67472"}],"version-history":[{"count":0,"href":"https:\/\/archive.sana.sy\/tr\/index.php?rest_route=\/wp\/v2\/posts\/67472\/revisions"}],"wp:attachment":[{"href":"https:\/\/archive.sana.sy\/tr\/index.php?rest_route=%2Fwp%2Fv2%2Fmedia&parent=67472"}],"wp:term":[{"taxonomy":"category","embeddable":true,"href":"https:\/\/archive.sana.sy\/tr\/index.php?rest_route=%2Fwp%2Fv2%2Fcategories&post=67472"},{"taxonomy":"post_tag","embeddable":true,"href":"https:\/\/archive.sana.sy\/tr\/index.php?rest_route=%2Fwp%2Fv2%2Ftags&post=67472"}],"curies":[{"name":"wp","href":"https:\/\/api.w.org\/{rel}","templated":true}]}}