{"id":6748,"date":"2014-08-09T11:25:13","date_gmt":"2014-08-09T08:25:13","guid":{"rendered":"http:\/\/www.sana.sy\/tr\/?p=6748"},"modified":"2014-08-09T17:39:59","modified_gmt":"2014-08-09T14:39:59","slug":"tekfirci-ve-hain-teror-cetelerinin-agir-kayiplari-devam-ediyor","status":"publish","type":"post","link":"https:\/\/archive.sana.sy\/tr\/?p=6748","title":{"rendered":"Tekfirci ve Hain Ter\u00f6r \u00c7etelerinin A\u011f\u0131r Kay\u0131plar\u0131 Devam Ediyor"},"content":{"rendered":"<p>\u0130LLER \u2013 Vatan koruyucular\u0131 ordu birliklerimiz d\u00fcn yurdun muhtelif b\u00f6lgelerinde tekfirci ve hain ter\u00f6r \u00e7etelerini say\u0131 ve te\u00e7hizatlar\u0131yla a\u011f\u0131r kay\u0131plara u\u011fratmaya devam ederken; ara\u00e7, cephane ve karargahlar\u0131n\u0131 muhtevalar\u0131yla imha ediyor.<\/p>\n<p><span style=\"color: #0000ff\">\u015eam K\u0131rsal\u0131nda Onlarcas\u0131 Etkisiz Hale Getirildi<\/span><\/p>\n<p>Askeri bir kaynak ordu birliklerimizin \u015eam k\u0131rsal\u0131n\u0131n Dru\u015fa ve Han el \u015eih b\u00f6lgelerinin muhtelif yerlerinde ter\u00f6ristlerin k\u00fcmelenme yerlerini hedef alarak onlarla s\u0131cak temasa girdiklerini belirtti.<\/p>\n<p>Kaynak operasyonlarda onlarca ter\u00f6ristin \u00f6l\u00fc yaral\u0131 d\u00fc\u015f\u00fcr\u00fcld\u00fcklerini, ara\u00e7 ve cephaneliklerinin de imha edildi\u011fini aktard\u0131.<\/p>\n<p>Do\u011fu \u011euta, Zabadani, Adra \u0130\u015f\u00e7i Konutlar\u0131 Kenti, Covbar, Mleyha ve Duma b\u00f6lgeleri ve \u00e7evrelerinde d\u00fczenlenen e\u015f zamanl\u0131 operasyonlar d\u00fczenlendi\u011fine i\u015faret eden kaynak; operasyonlarda \u00e7o\u011fu \u201c\u0130slami Cephe\u201d isimli ter\u00f6r olu\u015fumuna ba\u011fl\u0131 onlarca ter\u00f6ristin eleba\u015flar\u0131yla birlikte \u00f6l\u00fc ve yaral\u0131 d\u00fc\u015f\u00fcr\u00fcld\u00fcklerini ibraz etti.<\/p>\n<p>Operasyonlarda \u00e7ok say\u0131da ter\u00f6r yuvas\u0131n\u0131n yok edildi\u011fine de\u011finen kaynak ayr\u0131ca ter\u00f6ristlere ait b\u00fcy\u00fck miktarda silah ve m\u00fchimmat\u0131n da imha edildi\u011fini belirtti.<\/p>\n<p><span style=\"color: #0000ff\">Halep ve K\u0131rsal\u0131nda Ara\u00e7lar\u0131yla Etkisiz Hale Getirildiler<\/span><\/p>\n<p>Halep ve k\u0131rsal\u0131nda \u00e7okuluslu ter\u00f6r \u00e7etelerine kar\u015f\u0131 operasyonlar\u0131n\u0131 s\u00fcrd\u00fcren ordu birliklerimiz \u015eear, Hanano, Handerat, Salihin, Merce, Bab el Hadid, Havr, Zorba, Resm el Abbud, eski Halep ve Kad\u0131 Asker b\u00f6lgelerinde aralar\u0131nda yabanc\u0131lar\u0131n bulundu\u011fu onlarca ter\u00f6risti \u00f6l\u00fc yaral\u0131 d\u00fc\u015f\u00fcrd\u00fc. Operasyonlarda ayr\u0131ca silah ve ter\u00f6rist ta\u015f\u0131yan bir\u00e7ok ara\u00e7lar\u0131 da imha edildi.<\/p>\n<p><span style=\"color: #0000ff\">Homs K\u0131rsal\u0131nda Yuvalar\u0131 Muhtevalar\u0131yla \u0130mha Edildi<\/span><\/p>\n<p>Askeri kaynak ordu birliklerimizin Homs k\u0131rsal\u0131n\u0131n Rhum, Ink el Hava, Amiriye ve Ayn H\u00fcseyin b\u00f6lgelerine ilaveten Bargusiye ve Ar\u015funa k\u00f6yleri aras\u0131nda ter\u00f6r yuvalar\u0131 e k\u00fcmelenme yerlerini top ate\u015fiyle hedef ald\u0131klar\u0131n\u0131 belirtti.<\/p>\n<p>Kaynak operasyonlarda \u00e7ok say\u0131da ter\u00f6ristin su\u00e7 edatlar\u0131 ile birlikte etkisiz hale getirildi\u011fini s\u00f6yledi.<\/p>\n<p><span style=\"color: #0000ff\">Kunaytra K\u0131rsal\u0131nda Su\u00e7 Edatlar\u0131yla Birlikte Etkisiz Hale Getirildiler<\/span><\/p>\n<p>Vatan koruyucular\u0131m\u0131z Kunaytra k\u0131rsal\u0131n\u0131n Acraf, Bat\u0131 Samadaniye ve Beyt K\u00fcrdi blgelerinde ter\u00f6ristlerin k\u00fcmelenme yerlerini hedef alarak bir\u00e7o\u011funu ara\u00e7 ve silahlar\u0131yla etkisiz hale getirdi.<\/p>\n<p><span style=\"color: #0000ff\">\u0130dlib K\u0131rsal\u0131nda Aralar\u0131nda Yabanc\u0131 Uyruklular da Bulunan Onlarca Ter\u00f6rist \u00d6l\u00fc ve Yaral\u0131 D\u00fc\u015f\u00fcr\u00fcld\u00fc<\/span><\/p>\n<p>Kahraman birliklerimizin \u0130dlib K\u0131rsal\u0131n\u0131n Cisre\u015f\u015fu\u011fur b\u00f6lgesine ba\u011fl\u0131 Tel Zahab k\u00f6y\u00fc yak\u0131nlar\u0131nda bulunan ter\u00f6ristleri hedef ald\u0131\u011f\u0131na i\u015faret eden kaynak; burada meydana gelen \u00e7at\u0131\u015fmalarda 13 ter\u00f6ristin \u00f6ld\u00fc\u011f\u00fcn\u00fc onlarca ter\u00f6ristin de yaraland\u0131\u011f\u0131n\u0131 belirtti.<\/p>\n<p>\u00d6len ve yaralanan ter\u00f6ristler aras\u0131nda yabanc\u0131 uyruklular da bulundu\u011funa dikkat \u00e7eken kaynak ayr\u0131ca ter\u00f6ristlerin havzas\u0131nda bulunan b\u00fcy\u00fck miktarda silah ve m\u00fchimmat\u0131n imha edildi\u011fini ekledi.<\/p>\n<p>Ayr\u0131ca \u00dcm Cerin Beldesinde devam eden operasyonlar kapsam\u0131nda bir\u00e7ok ter\u00f6ristin eleba\u015flar\u0131yla birlikte \u00f6l\u00fc ve yaral\u0131 d\u00fc\u015f\u00fcr\u00fcld\u00fc\u011f\u00fcne i\u015faret eden kaynak burada da ter\u00f6ristlere ait b\u00fcy\u00fck miktarda silah ve m\u00fchimmat\u0131n imha edildi\u011fini dile getirdi.<\/p>\n<p>Askeri kaynak ordu birliklerimizin \u0130dlib k\u0131rsal\u0131n\u0131n Ariha Kentinde Bezza \u00c7iftli\u011finde ter\u00f6ristlerin bir yuvas\u0131n\u0131 hedef alarak yuvay\u0131 i\u00e7indeki 6 ter\u00f6ristle birlikte yok ettiklerini aktard\u0131.<\/p>\n<p><span style=\"color: #0000ff\">Dera K\u0131rsal\u0131nda Sald\u0131r\u0131 Giri\u015fimleri \u00c7\u00f6kertildi<\/span><\/p>\n<p>Ordu birliklerimiz Dera k\u0131rsal\u0131n\u0131n Busr el \u015eam B\u00f6lgesinde ter\u00f6r gruplar\u0131n\u0131n askeri bir noktaya sald\u0131r\u0131 giri\u015fimlerini \u00e7\u00f6kertirken, \u00e7at\u0131\u015fmada sald\u0131rganlar\u0131n b\u00fcy\u00fck \u00e7o\u011funlu\u011funu \u00f6l\u00fc yaral\u0131 d\u00fc\u015f\u00fcrd\u00fc.<\/p>\n<p>Dera k\u0131rsal\u0131n\u0131n Semlin, L\u00fcca, Etman, Neva ve \u015eeyh Meskin b\u00f6lgelerinde ter\u00f6r yuvalar\u0131 ve karargahlar\u0131n\u0131 hedef alan ordu birliklerimiz onlarcas\u0131n\u0131 silah ve ara\u00e7lar\u0131yla etkisiz hale getirdi.<\/p>\n","protected":false},"excerpt":{"rendered":"<p>\u0130LLER \u2013 Vatan koruyucular\u0131 ordu birliklerimiz d\u00fcn yurdun muhtelif b\u00f6lgelerinde tekfirci ve hain ter\u00f6r \u00e7etelerini say\u0131 ve te\u00e7hizatlar\u0131yla a\u011f\u0131r kay\u0131plara u\u011fratmaya devam ederken; ara\u00e7, cephane ve karargahlar\u0131n\u0131 muhtevalar\u0131yla imha ediyor. \u015eam K\u0131rsal\u0131nda Onlarcas\u0131 Etkisiz Hale Getirildi Askeri bir kaynak ordu birliklerimizin \u015eam k\u0131rsal\u0131n\u0131n Dru\u015fa ve Han el \u015eih b\u00f6lgelerinin muhtelif yerlerinde ter\u00f6ristlerin k\u00fcmelenme yerlerini hedef &hellip;<\/p>\n","protected":false},"author":1,"featured_media":6857,"comment_status":"closed","ping_status":"closed","sticky":false,"template":"","format":"standard","meta":{"footnotes":""},"categories":[575],"tags":[1514],"class_list":["post-6748","post","type-post","status-publish","format-standard","has-post-thumbnail","","category-olaylar-ve-gercekler","tag-tekfirci-ve-hain-teror-cetelerinin-agir-kayiplari-devam-ediyor"],"_links":{"self":[{"href":"https:\/\/archive.sana.sy\/tr\/index.php?rest_route=\/wp\/v2\/posts\/6748","targetHints":{"allow":["GET"]}}],"collection":[{"href":"https:\/\/archive.sana.sy\/tr\/index.php?rest_route=\/wp\/v2\/posts"}],"about":[{"href":"https:\/\/archive.sana.sy\/tr\/index.php?rest_route=\/wp\/v2\/types\/post"}],"author":[{"embeddable":true,"href":"https:\/\/archive.sana.sy\/tr\/index.php?rest_route=\/wp\/v2\/users\/1"}],"replies":[{"embeddable":true,"href":"https:\/\/archive.sana.sy\/tr\/index.php?rest_route=%2Fwp%2Fv2%2Fcomments&post=6748"}],"version-history":[{"count":0,"href":"https:\/\/archive.sana.sy\/tr\/index.php?rest_route=\/wp\/v2\/posts\/6748\/revisions"}],"wp:featuredmedia":[{"embeddable":true,"href":"https:\/\/archive.sana.sy\/tr\/index.php?rest_route=\/wp\/v2\/media\/6857"}],"wp:attachment":[{"href":"https:\/\/archive.sana.sy\/tr\/index.php?rest_route=%2Fwp%2Fv2%2Fmedia&parent=6748"}],"wp:term":[{"taxonomy":"category","embeddable":true,"href":"https:\/\/archive.sana.sy\/tr\/index.php?rest_route=%2Fwp%2Fv2%2Fcategories&post=6748"},{"taxonomy":"post_tag","embeddable":true,"href":"https:\/\/archive.sana.sy\/tr\/index.php?rest_route=%2Fwp%2Fv2%2Ftags&post=6748"}],"curies":[{"name":"wp","href":"https:\/\/api.w.org\/{rel}","templated":true}]}}