{"id":67485,"date":"2016-04-03T17:45:29","date_gmt":"2016-04-03T14:45:29","guid":{"rendered":"http:\/\/www.sana.sy\/tr\/?p=67485"},"modified":"2016-04-04T16:49:06","modified_gmt":"2016-04-04T13:49:06","slug":"iki-temel-eksen-mevcuttur-hicbir-meselenin-cozumunde-bu-devletlere-guven-olmaz","status":"publish","type":"post","link":"https:\/\/archive.sana.sy\/tr\/?p=67485","title":{"rendered":"\u0130ki Temel Eksen Mevcuttur\u2026 Hi\u00e7bir Meselenin \u00c7\u00f6z\u00fcm\u00fcnde Bu Devletlere G\u00fcven Olmaz (video)"},"content":{"rendered":"<p>\u015eAM Cumhurba\u015fkan\u0131 Be\u015f\u015far el Esad Rus RIA Novosti ve Sputnik haber ajanslar\u0131na verdi\u011fi r\u00f6portaj\u0131n \u00fc\u00e7\u00fcnc\u00fc b\u00f6l\u00fcm\u00fcnde Suriye&#8217;de ordu ve halk\u0131n vatan topraklar\u0131n\u0131n tamam\u0131n\u0131 ter\u00f6rden tamamen temizleme iradesine sahip olduklar\u0131n\u0131, bunun da kesinlikle tart\u0131\u015fma konusu olmad\u0131\u011f\u0131n\u0131 belirtti.<\/p>\n<p>El Esad; Suriye ve vatanda\u015flar\u0131n\u0131 ter\u00f6rden koruyacak iki temel eksene dikkat \u00e7ekerken, bunlar\u0131n ilkinin ter\u00f6rle m\u00fccadele, ikincisinin ise krizin \u00e7\u00f6z\u00fcm\u00fcn\u00fc sa\u011flayacak siyasi s\u00fcre\u00e7 oldu\u011funu ifade etti.<\/p>\n<p>Bat\u0131l\u0131 devletlerin d\u00fcr\u00fcst olmad\u0131klar\u0131n\u0131 s\u00f6yleyen el Esad; ilke ve de\u011ferlerin yan\u0131 s\u0131ra uluslararas\u0131 kanun ve kararlara ilaveten BM misak\u0131na ayk\u0131r\u0131 hareket ettiklerini belirtti. El Esad dolay\u0131s\u0131yla hi\u00e7bir meselenin \u00e7\u00f6z\u00fcm\u00fcnde bu devletlere g\u00fcven olmad\u0131\u011f\u0131n\u0131 ifade etti.<\/p>\n<p><span style=\"color: #0000ff\">Bir K\u0131s\u0131m Taraflar Kavramak \u0130stemiyor<\/span><\/p>\n<p>Antik Palmira Kentinin I\u015e\u0130D\u2019ten temizlenmesinin uluslar aras\u0131 bir olay oldu\u011fu ve Suriye ordusunun bir sonraki hedefine ili\u015fkin soruya cevab\u0131nda el Esad; d\u00fcnyada bir k\u0131s\u0131m taraflar\u0131n Palmira\u2019n\u0131n I\u015e\u0130D\u2019ten kurtar\u0131lmas\u0131n\u0131 kavrayamad\u0131\u011f\u0131n\u0131 ve kavramak istediklerini s\u00f6yledi.<\/p>\n<p>S\u00f6zlerine devam eden el Esad; ter\u00f6rle m\u00fccadeleye b\u00fcy\u00fck \u00f6nem verdiklerini ve bu y\u00f6nde \u00e7aba harcad\u0131klar\u0131n\u0131 yo\u011fun bir \u015fekilde iddia eden kimi taraflar\u0131n \u015fu ana dek Palmira\u2019n\u0131n I\u015e\u0130D\u2019ten kurtar\u0131lmas\u0131 konusunda tutumunu ilan etmediklerine dikkat \u00e7eken el Esad; bunun da belirli nedenleri bulundu\u011funu s\u00f6yledi.<\/p>\n<p>ABD ve komutas\u0131nda te\u015fkil edilen s\u00f6zde uluslar aras\u0131 koalisyonun ba\u015far\u0131s\u0131zl\u0131\u011f\u0131 nedeniyle I\u015e\u0130D\u2019in ele ge\u00e7irdi\u011fi Palmira\u2019n\u0131n tekfircilerden kurtar\u0131lmas\u0131n\u0131n bir k\u0131s\u0131m devletlerin ho\u015funa gitmedi\u011fini belirten el Esad; bu devletlerin \u00f6zellikle I\u015e\u0130D olmak \u00fczere ter\u00f6rle m\u00fccadelede ciddiyet ve d\u00fcr\u00fcstl\u00fckten uzak olduklar\u0131na i\u015faret etti.<\/p>\n<p><span style=\"color: #0000ff\">Bu Kesinlikle Tart\u0131\u015fma Meselesi Olamaz<\/span><\/p>\n<p>S\u00f6zlerine devam eden el Esad; Suriye ordusu ve halk\u0131n\u0131n vatan topraklar\u0131n\u0131n her kar\u0131\u015f\u0131n\u0131 ter\u00f6rden temizlemede g\u00fc\u00e7l\u00fc ve kararl\u0131 bir iradeye sahip odluklar\u0131n\u0131n alt\u0131n\u0131 \u00e7izerek, bu meselenin kesinlikle tart\u0131\u015fma konusu olamayaca\u011f\u0131n\u0131 ifade etti.<\/p>\n<p>El Esad Suriye ve vatanda\u015flar\u0131n\u0131n g\u00fcvenli\u011fini sa\u011flaman\u0131n ter\u00f6rle m\u00fccadele ve bu ter\u00f6r\u00fcn yok edilmesi haricinde kesinlikle ba\u015fka hi\u00e7bir se\u00e7ene\u011fin bulunmad\u0131\u011f\u0131n\u0131 vurgulad\u0131. Suriye ve vatanda\u015flar\u0131n\u0131 koruman\u0131n iki temel ekseni bulundu\u011funu ifade eden el Esad; ilkinin ter\u00f6rle m\u00fccadele, ikincisinin ise bizzat Suriyeliler aras\u0131nda ve herhangi bir yabanc\u0131 m\u00fcdahale olmadan yap\u0131lacak diyalogla siyasi s\u00fcre\u00e7 oldu\u011funu belirtti.<\/p>\n<p><span style=\"color: #0000ff\">Dostlar\u0131n Deste\u011fi \u00d6nemlidir<\/span><\/p>\n<p>Rusya, \u0130ran ve L\u00fcbnanl\u0131 dostlar\u0131n yan\u0131 s\u0131ra Suriye ordusuna yard\u0131m eden Suriyeli gruplar\u0131n da bulundu\u011funu ifade eden el Esad; bu deste\u011fin Palmira ve daha ba\u015fka zaferlerde b\u00fcy\u00fck katk\u0131lar\u0131 oldu\u011funu s\u00f6yledi.<\/p>\n<p><span style=\"color: #0000ff\">Palmira\u2019dan Sonraki Hedef<\/span><\/p>\n<p>Palmira\u2019dan sonraki hedef konusunda ise el Esad ku\u015fkusuz do\u011fu b\u00f6lgesi y\u00f6n\u00fcnde ilerlemeye yard\u0131mc\u0131 olacak b\u00f6lgeler oldu\u011funu ifade etti. El Esad ard\u0131ndan do\u011fu b\u00f6lgesinde bulunan I\u015e\u0130D\u2019in ana karargah\u0131 Rakka ve Deyrezzor olaca\u011f\u0131n\u0131 s\u00f6yledi.<\/p>\n<p><span style=\"color: #0000ff\">Tarihin Do\u011fru Yaz\u0131lmad\u0131\u011f\u0131n\u0131 Biliyoruz<\/span><\/p>\n<p>Suriye&#8217;nin derin ve asil bir tarihe sahip olmas\u0131yla birlikte kendisinin tarihte nas\u0131l an\u0131laca\u011f\u0131na ili\u015fkin soruya cevab\u0131nda el Esad; bunun tarihi kimin yazaca\u011f\u0131na ba\u011fl\u0131 oldu\u011funu s\u00f6yledi.<\/p>\n<p>El Esad tarihin her daim d\u00fcr\u00fcst ve do\u011fru bir \u015fekilde yaz\u0131lmad\u0131\u011f\u0131n\u0131n herkes taraf\u0131ndan bilindi\u011fini belirtti. Her \u015feye ra\u011fmen kendisinin kendi kendini de\u011ferlendirmesinin do\u011fru olmayaca\u011f\u0131n\u0131 s\u00f6yleyen el Esad; bunun tamamen Suriye halk\u0131 ve tarihi yazacaklara ba\u011fl\u0131 olan bir mesele oldu\u011funu s\u00f6zlerine ekledi.<\/p>\n<p>El Esad kendisinin; vah\u015fet ve i\u00e7eri\u011fi a\u00e7\u0131s\u0131ndan beklide son y\u00fczy\u0131llar i\u00e7inde e\u015fi benzeri g\u00f6r\u00fclmemi\u015f kirli bir ter\u00f6r sava\u015f\u0131na kar\u015f\u0131 vatan\u0131n\u0131 savunmaya \u00e7al\u0131\u015ft\u0131\u011f\u0131n\u0131 ifade etti. Bu sava\u015f\u0131n sadece Suriye ve halk\u0131n\u0131 hedef almad\u0131\u011f\u0131n\u0131n da bilinen bir ger\u00e7ek oldu\u011funa dikkat \u00e7eken el Esad; dolay\u0131s\u0131yla kendisinin b\u00f6lge ve halklar\u0131n\u0131 da korumaya \u00e7al\u0131\u015ft\u0131\u011f\u0131na i\u015faret etti.<\/p>\n<p><span style=\"color: #0000ff\">\u00c7\u00f6z\u00fcn Sadece Halk\u0131n \u0130lkeleri ve \u0130stekleriyle M\u00fcmk\u00fcnd\u00fcr<\/span><\/p>\n<p>Benzer ko\u015fullara maruz kalacak ba\u015fka bir devlet ba\u015fkan\u0131na \u00f6nerilerine ili\u015fkin soruya cevab\u0131nda el Esad; her \u015feyden \u00f6nce Suriye ve halk\u0131n\u0131n tan\u0131k oldu\u011fu bu ko\u015fullar\u0131 hi\u00e7bir devlet yada kesinlikle hi\u00e7bir halk\u0131n ya\u015famas\u0131 temennilerini ifade etti.<\/p>\n<p>Fakat her \u015feye ra\u011fmen g\u00fcn\u00fcm\u00fcz d\u00fcnyas\u0131nda ahlaki ve insani ilke ve de\u011ferlerin yan\u0131 s\u0131ra uluslar aras\u0131 kanunlar\u0131n da bulunmad\u0131\u011f\u0131n\u0131 s\u00f6yleyen el Esad; dolay\u0131s\u0131yla her ihtimalin a\u00e7\u0131k oldu\u011funa i\u015faret etti.<\/p>\n<p>S\u00f6zlerine devam eden el Esad; her \u015feyden \u00f6nce gerek dinde, gerek politikada, gerek sosyal meselelerde gerekse hangi konuda olursa olsun radikalli\u011fin ku\u015fkusuz k\u00f6t\u00fc oldu\u011funu ve toplum i\u00e7inde y\u0131k\u0131c\u0131 oldu\u011funun alt\u0131n\u0131 \u00e7izdi. El Esad radikalli\u011fi engellemenin de devletin yan\u0131 s\u0131ra di\u011fer t\u00fcm kurumlar ve hatta her vatanda\u015f\u0131n sorumlulu\u011fu oldu\u011funu da s\u00f6zlerine ekledi.<\/p>\n<p>Bir di\u011fer noktan\u0131n ise her vatan\u0131n sadece ve sadece halk taraf\u0131ndan korunaca\u011f\u0131n\u0131n bilinmesi gerekti\u011fini ifade eden el Esad; \u00e7\u00f6z\u00fcm\u00fcn d\u0131\u015far\u0131dan de\u011fil de halk\u0131n kendisinden, bu halk\u0131n ilke ve de\u011ferleri, \u00f6rf ve adetleri, idealleri ve istekleriyle \u00e7\u00f6z\u00fclece\u011finin bilinmesi ve bu y\u00f6nde hareket edilmesi \u00f6neminin alt\u0131n\u0131 \u00e7izdi.<\/p>\n<p><span style=\"color: #0000ff\">Kriz Sonras\u0131nda Suriye Nas\u0131l Olacak<\/span><\/p>\n<p>Sava\u015f\u0131 mutlaka sona erece\u011fi ve bu sava\u015ftan sonra Suriye&#8217;nin nas\u0131l olaca\u011f\u0131 konusundaki d\u00fc\u015f\u00fcncesine ili\u015fkin soruya cevab\u0131nda el Esad; Suriye&#8217;deki de\u011fi\u015fimin \u00e7oktan ba\u015flad\u0131\u011f\u0131na dikkat \u00e7ekti.<\/p>\n<p>El Esad sava\u015f\u0131n ilk ba\u015flad\u0131\u011f\u0131 s\u0131ralarda Suriyelilerin \u015foke olmalar\u0131yla bir k\u0131s\u0131m medya organlar\u0131n\u0131n kas\u0131tl\u0131 \u00e7arp\u0131tma ve yalan haberleri sonucunda vatanda\u015flar\u0131n bir k\u0131sm\u0131n\u0131n yanl\u0131\u015f yola sapt\u0131klar\u0131na i\u015faret etti. O s\u0131ralarda bir\u00e7ok konunun halk a\u00e7\u0131s\u0131ndan net olmad\u0131\u011f\u0131na dikkat \u00e7eken el Esad; g\u00fcn\u00fcm\u00fczde ise t\u00fcm meselelerin net bir \u015fekilde ayd\u0131nlat\u0131lm\u0131\u015f oldu\u011funu s\u00f6zlerine ekledi.<\/p>\n<p>Suriye&#8217;de de\u011fi\u015fimin bu \u015fekilde ba\u015flad\u0131\u011f\u0131n\u0131 belirten el Esad; Suriye&#8217;nin bu krizi selametle atlatmas\u0131 halinde Suriye halk\u0131n\u0131n ve Suriye&#8217;nin uluslar aras\u0131 konumunun \u00e7ok daha iyi olaca\u011f\u0131na inand\u0131\u011f\u0131n\u0131 belirtti. El Esad sonu\u00e7 itibar\u0131yla b\u00f6lge halklar\u0131n\u0131n tamam\u0131n\u0131n ortak yanlar\u0131 ve ortak \u00e7\u0131karlar\u0131 bulundu\u011funu vurgulad\u0131.<\/p>\n<p>S\u00f6zlerine devam eden el Esad; yurti\u00e7inde ise muhtelif siyasi partilerin vatan\u0131n yap\u0131land\u0131r\u0131lmas\u0131nda daha etkin bir rol oynayacaklar\u0131n\u0131 s\u00f6yledi. El Esad bir di\u011fer noktan\u0131n ise kriz sonras\u0131nda Suriye halk\u0131n\u0131n Bat\u0131l\u0131lara \u00f6zenmesi yerine ulusalc\u0131l\u0131\u011fa daha b\u00fcy\u00fck \u00f6nem verece\u011fine inand\u0131\u011f\u0131n\u0131 s\u00f6zlerine ekledi.<\/p>\n<p>https:\/\/www.youtube.com\/watch?v=wF69duF9gKs<\/p>\n","protected":false},"excerpt":{"rendered":"<p>\u015eAM Cumhurba\u015fkan\u0131 Be\u015f\u015far el Esad Rus RIA Novosti ve Sputnik haber ajanslar\u0131na verdi\u011fi r\u00f6portaj\u0131n \u00fc\u00e7\u00fcnc\u00fc b\u00f6l\u00fcm\u00fcnde Suriye&#8217;de ordu ve halk\u0131n vatan topraklar\u0131n\u0131n tamam\u0131n\u0131 ter\u00f6rden tamamen temizleme iradesine sahip olduklar\u0131n\u0131, bunun da kesinlikle tart\u0131\u015fma konusu olmad\u0131\u011f\u0131n\u0131 belirtti. El Esad; Suriye ve vatanda\u015flar\u0131n\u0131 ter\u00f6rden koruyacak iki temel eksene dikkat \u00e7ekerken, bunlar\u0131n ilkinin ter\u00f6rle m\u00fccadele, ikincisinin ise krizin &hellip;<\/p>\n","protected":false},"author":1,"featured_media":67486,"comment_status":"closed","ping_status":"closed","sticky":false,"template":"","format":"standard","meta":{"footnotes":""},"categories":[479,611,605,17988,2554,2555,478],"tags":[17256,8767,20113,20230,20270,20269,19043],"class_list":["post-67485","post","type-post","status-publish","format-standard","has-post-thumbnail","","category-haberler-yerel","category-roportaj","category-sayin-cumhurbaskani","category-son-haberler","category-suriye-ve-dunya","category-suriye-ve-turkiye","category-yerel","tag-bessar-el-esad","tag-cumhurbaskani","tag-esad","tag-ria-novosti","tag-roportaj","tag-sputnik","tag-suriyede-son-durum"],"_links":{"self":[{"href":"https:\/\/archive.sana.sy\/tr\/index.php?rest_route=\/wp\/v2\/posts\/67485","targetHints":{"allow":["GET"]}}],"collection":[{"href":"https:\/\/archive.sana.sy\/tr\/index.php?rest_route=\/wp\/v2\/posts"}],"about":[{"href":"https:\/\/archive.sana.sy\/tr\/index.php?rest_route=\/wp\/v2\/types\/post"}],"author":[{"embeddable":true,"href":"https:\/\/archive.sana.sy\/tr\/index.php?rest_route=\/wp\/v2\/users\/1"}],"replies":[{"embeddable":true,"href":"https:\/\/archive.sana.sy\/tr\/index.php?rest_route=%2Fwp%2Fv2%2Fcomments&post=67485"}],"version-history":[{"count":0,"href":"https:\/\/archive.sana.sy\/tr\/index.php?rest_route=\/wp\/v2\/posts\/67485\/revisions"}],"wp:featuredmedia":[{"embeddable":true,"href":"https:\/\/archive.sana.sy\/tr\/index.php?rest_route=\/wp\/v2\/media\/67486"}],"wp:attachment":[{"href":"https:\/\/archive.sana.sy\/tr\/index.php?rest_route=%2Fwp%2Fv2%2Fmedia&parent=67485"}],"wp:term":[{"taxonomy":"category","embeddable":true,"href":"https:\/\/archive.sana.sy\/tr\/index.php?rest_route=%2Fwp%2Fv2%2Fcategories&post=67485"},{"taxonomy":"post_tag","embeddable":true,"href":"https:\/\/archive.sana.sy\/tr\/index.php?rest_route=%2Fwp%2Fv2%2Ftags&post=67485"}],"curies":[{"name":"wp","href":"https:\/\/api.w.org\/{rel}","templated":true}]}}