{"id":6751,"date":"2014-08-08T15:22:54","date_gmt":"2014-08-08T12:22:54","guid":{"rendered":"http:\/\/www.sana.sy\/tr\/?p=6751"},"modified":"2014-08-09T11:39:29","modified_gmt":"2014-08-09T08:39:29","slug":"isgal-gucleri-hicbir-uyari-yapmadan-roket-saldirilarini-surdurduler","status":"publish","type":"post","link":"https:\/\/archive.sana.sy\/tr\/?p=6751","title":{"rendered":"\u0130\u015fgal G\u00fc\u00e7leri Hi\u00e7bir Uyar\u0131 Yapmadan Roket Sald\u0131r\u0131lar\u0131n\u0131 S\u00fcrd\u00fcrd\u00fcler"},"content":{"rendered":"<p>GAZZE \u2013 Filistinli medya ara\u00e7lar\u0131 \u0130srail i\u015fgal g\u00fc\u00e7lerinin kara sald\u0131r\u0131lar\u0131n\u0131 bug\u00fcn de s\u00fcrd\u00fcrd\u00fcklerini ifade etti.<\/p>\n<p>Bu sabah ate\u015fkes s\u00fcresinin dolaca\u011f\u0131 saat 8 sular\u0131nda Filistinlilerin hi\u00e7bir talebi kar\u015f\u0131lanmad\u0131\u011f\u0131 halde ve herhangi bir uyar\u0131 bile yapmadan, i\u015fgal g\u00fc\u00e7lerinin, roket atmaya ba\u015flad\u0131klar\u0131na i\u015faret eden kaynaklar, roket sald\u0131r\u0131lar\u0131 sonucu bir \u00e7ocu\u011fun \u015fehit d\u00fc\u015ft\u00fc\u011f\u00fcn\u00fc belirtti.<\/p>\n<p>Bilinece\u011fi \u00fczere ge\u00e7ti\u011fimiz g\u00fcnlerde Filistin direni\u015f g\u00fc\u00e7leri yapt\u0131klar\u0131 a\u00e7\u0131klamada, \u0130srail i\u015fgal g\u00fc\u00e7lerinin, Filistin halk\u0131n\u0131n aralar\u0131nda Gazze \u00fczerinde uygulanmakta olan ambargonun kald\u0131r\u0131lmas\u0131 da bulunan, taleplerini reddetmesi nedeniyle Filistin Direni\u015fi Heyetinin ate\u015fkesi onaylamad\u0131\u011f\u0131n\u0131 a\u00e7\u0131klam\u0131\u015ft\u0131.<\/p>\n<p>Ayr\u0131ca i\u015fgal g\u00fc\u00e7lerinin; ate\u015fkes s\u00fcresi bitmeden \u00f6nce Gazze\u2019den \u0130srail y\u00f6n\u00fcnde iki roket f\u0131rlat\u0131ld\u0131\u011f\u0131 y\u00f6n\u00fcndeki iddialar\u0131 yalanlayan Direni\u015f G\u00fc\u00e7leri; Gazze\u2019den Yahudi yerle\u015fkeleri y\u00f6n\u00fcnde hi\u00e7bir roket f\u0131rlat\u0131lmad\u0131\u011f\u0131n\u0131 vurgulad\u0131lar.<\/p>\n","protected":false},"excerpt":{"rendered":"<p>GAZZE \u2013 Filistinli medya ara\u00e7lar\u0131 \u0130srail i\u015fgal g\u00fc\u00e7lerinin kara sald\u0131r\u0131lar\u0131n\u0131 bug\u00fcn de s\u00fcrd\u00fcrd\u00fcklerini ifade etti. Bu sabah ate\u015fkes s\u00fcresinin dolaca\u011f\u0131 saat 8 sular\u0131nda Filistinlilerin hi\u00e7bir talebi kar\u015f\u0131lanmad\u0131\u011f\u0131 halde ve herhangi bir uyar\u0131 bile yapmadan, i\u015fgal g\u00fc\u00e7lerinin, roket atmaya ba\u015flad\u0131klar\u0131na i\u015faret eden kaynaklar, roket sald\u0131r\u0131lar\u0131 sonucu bir \u00e7ocu\u011fun \u015fehit d\u00fc\u015ft\u00fc\u011f\u00fcn\u00fc belirtti. Bilinece\u011fi \u00fczere ge\u00e7ti\u011fimiz g\u00fcnlerde Filistin &hellip;<\/p>\n","protected":false},"author":1,"featured_media":6752,"comment_status":"closed","ping_status":"closed","sticky":false,"template":"","format":"standard","meta":{"footnotes":""},"categories":[458,459,447],"tags":[1515],"class_list":["post-6751","post","type-post","status-publish","format-standard","has-post-thumbnail","","category-dunya1","category-haberler-arap-uluslararasi-politika","category-politika","tag-isgal-gucleri-hicbir-uyari-yapmadan-roket-saldirilarini-surdurduler"],"_links":{"self":[{"href":"https:\/\/archive.sana.sy\/tr\/index.php?rest_route=\/wp\/v2\/posts\/6751","targetHints":{"allow":["GET"]}}],"collection":[{"href":"https:\/\/archive.sana.sy\/tr\/index.php?rest_route=\/wp\/v2\/posts"}],"about":[{"href":"https:\/\/archive.sana.sy\/tr\/index.php?rest_route=\/wp\/v2\/types\/post"}],"author":[{"embeddable":true,"href":"https:\/\/archive.sana.sy\/tr\/index.php?rest_route=\/wp\/v2\/users\/1"}],"replies":[{"embeddable":true,"href":"https:\/\/archive.sana.sy\/tr\/index.php?rest_route=%2Fwp%2Fv2%2Fcomments&post=6751"}],"version-history":[{"count":0,"href":"https:\/\/archive.sana.sy\/tr\/index.php?rest_route=\/wp\/v2\/posts\/6751\/revisions"}],"wp:featuredmedia":[{"embeddable":true,"href":"https:\/\/archive.sana.sy\/tr\/index.php?rest_route=\/wp\/v2\/media\/6752"}],"wp:attachment":[{"href":"https:\/\/archive.sana.sy\/tr\/index.php?rest_route=%2Fwp%2Fv2%2Fmedia&parent=6751"}],"wp:term":[{"taxonomy":"category","embeddable":true,"href":"https:\/\/archive.sana.sy\/tr\/index.php?rest_route=%2Fwp%2Fv2%2Fcategories&post=6751"},{"taxonomy":"post_tag","embeddable":true,"href":"https:\/\/archive.sana.sy\/tr\/index.php?rest_route=%2Fwp%2Fv2%2Ftags&post=6751"}],"curies":[{"name":"wp","href":"https:\/\/api.w.org\/{rel}","templated":true}]}}