{"id":67513,"date":"2016-04-03T15:45:50","date_gmt":"2016-04-03T12:45:50","guid":{"rendered":"http:\/\/www.sana.sy\/tr\/?p=67513"},"modified":"2016-04-04T09:08:32","modified_gmt":"2016-04-04T06:08:32","slug":"teroristlerin-kacak-ilac-yuklu-araci-yakalandi","status":"publish","type":"post","link":"https:\/\/archive.sana.sy\/tr\/?p=67513","title":{"rendered":"Ter\u00f6ristlerin Ka\u00e7ak \u0130la\u00e7 Y\u00fckl\u00fc Arac\u0131 Yakaland\u0131 (video)"},"content":{"rendered":"<p>S\u00dcVEYDA &#8211; G\u00fcvenlik birimleri bug\u00fcn Halk Savunma G\u00fc\u00e7leriyle i\u015fbirli\u011fi i\u00e7inde S\u00fcveyda k\u0131rsal\u0131n\u0131n bat\u0131s\u0131nda Dera k\u0131rsal\u0131n\u0131n do\u011fusunda bulunan tekfirci ter\u00f6r \u00f6rg\u00fctlerine ait ka\u00e7ak ila\u00e7 y\u00fckl\u00fc bir ara\u00e7 yakalad\u0131.<\/p>\n<p>S\u00fcveyda Valili\u011finde yetkili bir kaynak SANA\u2019ya a\u00e7\u0131klamas\u0131nda; soru\u015fturma ve takip \u00fczerine yap\u0131lan operasyonda ara\u00e7 ve onu kullanan ter\u00f6ristlerin kovaland\u0131klar\u0131n\u0131 s\u00f6yledi. Kaynak ara\u00e7ta iki milyon lira (yakla\u015f\u0131k 450 bin dolar) de\u011ferinde muhtelif t\u00fcr b\u00fcy\u00fck miktarda ila\u00e7lar\u0131n ele ge\u00e7irildi\u011fini a\u00e7\u0131klarken, ara\u00e7 \u015fof\u00f6r\u00fcn\u00fcn \u00f6n soru\u015fturmada ila\u00e7lar\u0131n ter\u00f6ristlere ait oldu\u011funu itiraf etti\u011fini belirtti.<\/p>\n<p>https:\/\/www.youtube.com\/watch?v=bHgY2OMu1V0<\/p>\n","protected":false},"excerpt":{"rendered":"<p>S\u00dcVEYDA &#8211; G\u00fcvenlik birimleri bug\u00fcn Halk Savunma G\u00fc\u00e7leriyle i\u015fbirli\u011fi i\u00e7inde S\u00fcveyda k\u0131rsal\u0131n\u0131n bat\u0131s\u0131nda Dera k\u0131rsal\u0131n\u0131n do\u011fusunda bulunan tekfirci ter\u00f6r \u00f6rg\u00fctlerine ait ka\u00e7ak ila\u00e7 y\u00fckl\u00fc bir ara\u00e7 yakalad\u0131. S\u00fcveyda Valili\u011finde yetkili bir kaynak SANA\u2019ya a\u00e7\u0131klamas\u0131nda; soru\u015fturma ve takip \u00fczerine yap\u0131lan operasyonda ara\u00e7 ve onu kullanan ter\u00f6ristlerin kovaland\u0131klar\u0131n\u0131 s\u00f6yledi. Kaynak ara\u00e7ta iki milyon lira (yakla\u015f\u0131k 450 bin &hellip;<\/p>\n","protected":false},"author":1,"featured_media":67528,"comment_status":"closed","ping_status":"closed","sticky":false,"template":"","format":"standard","meta":{"footnotes":""},"categories":[485,486,575,17988],"tags":[20271],"class_list":["post-67513","post","type-post","status-publish","format-standard","has-post-thumbnail","","category-is-ve-sermaye","category-haberler-is-ve-sermaye","category-olaylar-ve-gercekler","category-son-haberler","tag-teroristlerin-kacak-ilac-yuklu-araci-yakalandi"],"_links":{"self":[{"href":"https:\/\/archive.sana.sy\/tr\/index.php?rest_route=\/wp\/v2\/posts\/67513","targetHints":{"allow":["GET"]}}],"collection":[{"href":"https:\/\/archive.sana.sy\/tr\/index.php?rest_route=\/wp\/v2\/posts"}],"about":[{"href":"https:\/\/archive.sana.sy\/tr\/index.php?rest_route=\/wp\/v2\/types\/post"}],"author":[{"embeddable":true,"href":"https:\/\/archive.sana.sy\/tr\/index.php?rest_route=\/wp\/v2\/users\/1"}],"replies":[{"embeddable":true,"href":"https:\/\/archive.sana.sy\/tr\/index.php?rest_route=%2Fwp%2Fv2%2Fcomments&post=67513"}],"version-history":[{"count":0,"href":"https:\/\/archive.sana.sy\/tr\/index.php?rest_route=\/wp\/v2\/posts\/67513\/revisions"}],"wp:featuredmedia":[{"embeddable":true,"href":"https:\/\/archive.sana.sy\/tr\/index.php?rest_route=\/wp\/v2\/media\/67528"}],"wp:attachment":[{"href":"https:\/\/archive.sana.sy\/tr\/index.php?rest_route=%2Fwp%2Fv2%2Fmedia&parent=67513"}],"wp:term":[{"taxonomy":"category","embeddable":true,"href":"https:\/\/archive.sana.sy\/tr\/index.php?rest_route=%2Fwp%2Fv2%2Fcategories&post=67513"},{"taxonomy":"post_tag","embeddable":true,"href":"https:\/\/archive.sana.sy\/tr\/index.php?rest_route=%2Fwp%2Fv2%2Ftags&post=67513"}],"curies":[{"name":"wp","href":"https:\/\/api.w.org\/{rel}","templated":true}]}}