{"id":67544,"date":"2016-04-03T16:38:39","date_gmt":"2016-04-03T13:38:39","guid":{"rendered":"http:\/\/sana.sy\/tr\/?p=67544"},"modified":"2016-04-04T16:54:41","modified_gmt":"2016-04-04T13:54:41","slug":"orduya-azim-teroristlere-de-moral-cokusu-niteligindedir-video","status":"publish","type":"post","link":"https:\/\/archive.sana.sy\/tr\/?p=67544","title":{"rendered":"Orduya Azim, Ter\u00f6ristlere de Moral \u00c7\u00f6k\u00fc\u015f\u00fc Niteli\u011findedir (video)"},"content":{"rendered":"<p>HOMS \u2013 Ordu ve Silahl\u0131 Kuvvetler Genel Komutanl\u0131\u011f\u0131 Suriye ve Rus hava g\u00fc\u00e7lerinden destek alan ordu birliklerimizin Halk Savunma G\u00fc\u00e7leriyle i\u015fbirli\u011fi i\u00e7inde Homs k\u0131rsal\u0131n\u0131n g\u00fcneydo\u011fusu Karyeteyn Kentini I\u015e\u0130D tekfircilerinden temizleyip halk\u0131n\u0131n can ve mal g\u00fcvenli\u011fini sa\u011flad\u0131klar\u0131n\u0131 ilan etti.<\/p>\n<p>Genel Komutanl\u0131k bug\u00fcn ilan etti\u011fi askeri b\u00fcltende Karyeteyn Kentinin I\u015e\u0130D\u2019ten temizlenip ordu kontrol\u00fcne ge\u00e7mesinin ta\u015f\u0131d\u0131\u011f\u0131 stratejik \u00f6neme dikkat \u00e7ekerken, Suriye&#8217;nin ortas\u0131nda \u015eam k\u0131rsal\u0131n\u0131n kuzeyi ve do\u011fusu ile Homs k\u0131rsal\u0131n\u0131n do\u011fusu aras\u0131nda \u00f6nemli bir ba\u011flant\u0131 noktas\u0131 te\u015fkil etti\u011fine vurgu yapt\u0131. Genel komutanl\u0131k bu ba\u015far\u0131n\u0131n Orta B\u00f6lgede do\u011falgaz ve petrol hatlar\u0131n\u0131n korunmas\u0131n\u0131 temin edece\u011fi gibi, Badiye B\u00f6lgesinden Kalemun B\u00f6lgesindeki ter\u00f6ristler aras\u0131ndaki ikmal, destek ve ba\u011flant\u0131lara son verece\u011fine de dikkat \u00e7ekti.<\/p>\n<p>Genel komutanl\u0131k ordunun bu ba\u015far\u0131s\u0131yla ter\u00f6re kar\u015f\u0131 m\u00fccadelede azim ve kararl\u0131l\u0131\u011f\u0131n\u0131 daha da peki\u015ftirdi\u011fini ifade ederken, ter\u00f6r saflar\u0131nda ise yol a\u00e7t\u0131\u011f\u0131 a\u011f\u0131r kay\u0131plar ve moral \u00e7\u00f6k\u00fc\u015f\u00fcne dikkat \u00e7ekti.<\/p>\n<p>Vatan koruyucular\u0131m\u0131z\u0131n vatan topraklar\u0131n\u0131n istisnas\u0131z tamam\u0131n\u0131 eksiksiz bir \u015fekilde ter\u00f6rden temizlemekle birlikte halk\u0131n\u0131n can ve mal g\u00fcvenli\u011fini sa\u011flama azmine vurgu yapan genel komutanl\u0131k; Suriyeli her vatanda\u015f\u0131 bu y\u00f6nde deste\u011fe \u00e7a\u011f\u0131rd\u0131.<\/p>\n<p>https:\/\/www.youtube.com\/watch?v=1Y7XtfO-KjA<\/p>\n","protected":false},"excerpt":{"rendered":"<p>HOMS \u2013 Ordu ve Silahl\u0131 Kuvvetler Genel Komutanl\u0131\u011f\u0131 Suriye ve Rus hava g\u00fc\u00e7lerinden destek alan ordu birliklerimizin Halk Savunma G\u00fc\u00e7leriyle i\u015fbirli\u011fi i\u00e7inde Homs k\u0131rsal\u0131n\u0131n g\u00fcneydo\u011fusu Karyeteyn Kentini I\u015e\u0130D tekfircilerinden temizleyip halk\u0131n\u0131n can ve mal g\u00fcvenli\u011fini sa\u011flad\u0131klar\u0131n\u0131 ilan etti. Genel Komutanl\u0131k bug\u00fcn ilan etti\u011fi askeri b\u00fcltende Karyeteyn Kentinin I\u015e\u0130D\u2019ten temizlenip ordu kontrol\u00fcne ge\u00e7mesinin ta\u015f\u0131d\u0131\u011f\u0131 stratejik \u00f6neme &hellip;<\/p>\n","protected":false},"author":1,"featured_media":59179,"comment_status":"closed","ping_status":"closed","sticky":false,"template":"","format":"standard","meta":{"footnotes":""},"categories":[479,17988,478],"tags":[],"class_list":["post-67544","post","type-post","status-publish","format-standard","has-post-thumbnail","","category-haberler-yerel","category-son-haberler","category-yerel"],"_links":{"self":[{"href":"https:\/\/archive.sana.sy\/tr\/index.php?rest_route=\/wp\/v2\/posts\/67544","targetHints":{"allow":["GET"]}}],"collection":[{"href":"https:\/\/archive.sana.sy\/tr\/index.php?rest_route=\/wp\/v2\/posts"}],"about":[{"href":"https:\/\/archive.sana.sy\/tr\/index.php?rest_route=\/wp\/v2\/types\/post"}],"author":[{"embeddable":true,"href":"https:\/\/archive.sana.sy\/tr\/index.php?rest_route=\/wp\/v2\/users\/1"}],"replies":[{"embeddable":true,"href":"https:\/\/archive.sana.sy\/tr\/index.php?rest_route=%2Fwp%2Fv2%2Fcomments&post=67544"}],"version-history":[{"count":0,"href":"https:\/\/archive.sana.sy\/tr\/index.php?rest_route=\/wp\/v2\/posts\/67544\/revisions"}],"wp:featuredmedia":[{"embeddable":true,"href":"https:\/\/archive.sana.sy\/tr\/index.php?rest_route=\/wp\/v2\/media\/59179"}],"wp:attachment":[{"href":"https:\/\/archive.sana.sy\/tr\/index.php?rest_route=%2Fwp%2Fv2%2Fmedia&parent=67544"}],"wp:term":[{"taxonomy":"category","embeddable":true,"href":"https:\/\/archive.sana.sy\/tr\/index.php?rest_route=%2Fwp%2Fv2%2Fcategories&post=67544"},{"taxonomy":"post_tag","embeddable":true,"href":"https:\/\/archive.sana.sy\/tr\/index.php?rest_route=%2Fwp%2Fv2%2Ftags&post=67544"}],"curies":[{"name":"wp","href":"https:\/\/api.w.org\/{rel}","templated":true}]}}