{"id":67562,"date":"2016-04-03T17:08:26","date_gmt":"2016-04-03T14:08:26","guid":{"rendered":"http:\/\/sana.sy\/tr\/?p=67562"},"modified":"2016-04-04T16:49:24","modified_gmt":"2016-04-04T13:49:24","slug":"ordu-terore-karsi-basarilarini-pekistirirken-tekfircilerin-saflarinda-cokusler-de-pekisiyor","status":"publish","type":"post","link":"https:\/\/archive.sana.sy\/tr\/?p=67562","title":{"rendered":"Ordu Ter\u00f6re Kar\u015f\u0131 Ba\u015far\u0131lar\u0131n\u0131 Peki\u015ftirirken, Tekfircilerin Saflar\u0131nda \u00c7\u00f6k\u00fc\u015fler de Peki\u015fiyor (video)"},"content":{"rendered":"<p>\u0130LLER \u2013 Vatan koruyucular\u0131m\u0131z destek\u00e7i g\u00fc\u00e7lerle i\u015fbirli\u011fi i\u00e7inde I\u015e\u0130D ve Nusra Cephesine kar\u015f\u0131 ba\u015far\u0131lar\u0131n\u0131 peki\u015ftirmeleriyle, ter\u00f6ristler say\u0131 ve cephaneleriyle ald\u0131klar\u0131 a\u011f\u0131r darbeler alt\u0131nda ciddi \u00e7\u00f6k\u00fc\u015fler ya\u015f\u0131yor<\/p>\n<p><span style=\"color: #0000ff\">LAZK\u0130YE:<\/span><\/p>\n<p>Lazkiye k\u0131rsal\u0131n\u0131n kuzeyinde T\u00fcrkiye&#8217;de Erdo\u011fan rejiminin destek ve komutas\u0131yla faaliyet g\u00f6steren Kaide \u00d6rg\u00fct\u00fcn\u00fcn Suriye kolu Nusra Cephesi ve \u00e7at\u0131s\u0131 alt\u0131ndaki di\u011fer tekfirci gruplardan ter\u00f6ristlerin Kensabba Nahiyesinde g\u00fcvenli b\u00f6lgelere s\u0131zma giri\u015fimlerini \u00e7\u00f6kerten ordu birliklerimiz, bu \u00e7eteleri say\u0131 ve ekipmanlar\u0131yla ciddi kay\u0131plara u\u011fratt\u0131.<\/p>\n<p>Saha kaynaklar\u0131 Kensabba Nahiyesine tabi Nah\u015fabba K\u00f6y\u00fc, Re\u015fa Tepesi ve Melek Tepesinde bu \u00e7etelerle \u00e7at\u0131\u015fmalara giren ordu birliklerimizin aralar\u0131nda bariz isimlerin bulundu\u011fu \u00e7ok say\u0131da ter\u00f6risti ara\u00e7 ve silahlar\u0131yla etkisiz hale getirdiklerini s\u00f6yledi. Kaynaklar \u00e7at\u0131\u015fmalar ard\u0131ndan ter\u00f6rist cesetlerinin kald\u0131r\u0131lmas\u0131 ve sa\u011f kalan ter\u00f6ristlerin T\u00fcrkiye s\u0131n\u0131rlar\u0131na do\u011fru ka\u00e7madan \u00f6nce yerle\u015ftirdikleri bomba d\u00fczeneklerinin etkisiz hale getirilmesi amac\u0131yla arama tarama operasyonu ba\u015flat\u0131ld\u0131\u011f\u0131n\u0131 s\u00f6zlerine ekledi.<\/p>\n<p><span style=\"color: #0000ff\">HOMS:<\/span><\/p>\n<p>SANA\u2019ya a\u00e7\u0131klama yapan askeri kaynak ordu birliklerimizin destek\u00e7i g\u00fc\u00e7lerle i\u015fbirli\u011fi i\u00e7inde Homs k\u0131rsal\u0131n\u0131n g\u00fcneydo\u011fusu Karyeteyn Kentinin tamam\u0131n\u0131 I\u015e\u0130D \u00e7etelerinden temizleyerek halk\u0131n\u0131n can ve mal g\u00fcvenli\u011fini sa\u011flad\u0131klar\u0131n\u0131 belirtti. Kaynak kent ve ahalisinin g\u00fcvenli\u011fini sa\u011flama operasyonlar\u0131nda olduk\u00e7a \u00e7ok say\u0131da tekfirci ter\u00f6ristin etkisiz hale getirildi\u011fini ifade ederken, aralar\u0131nda tehlikeli ve yabanc\u0131 isimlerin bulundu\u011funu belirtti.<\/p>\n<p>Kaynak kentin ter\u00f6rden temizlenmesi ard\u0131ndan bomba imha ekiplerinin \u00f6zel ve kamu m\u00fclklere yerle\u015ftirilen bomba d\u00fczenekleri ve may\u0131nlar\u0131 etkisizle\u015ftirme operasyonu ba\u015flatt\u0131klar\u0131n\u0131 s\u00f6zlerine ekledi.<\/p>\n<p>G\u00fcn\u00fcn erken saatlerinde kaynak hava g\u00fc\u00e7lerimizin Homs k\u0131rsal\u0131n\u0131n g\u00fcneydo\u011fusu Karyeteyn Kentinin do\u011fu ve g\u00fcney b\u00f6lgelerine ilaveten Bsayr\u0131 K\u00f6y\u00fcnde I\u015e\u0130D mevkileri ve hareketlenmelerini imha ettiklerini belirtmi\u015fti.<\/p>\n<p>Vatan koruyucular\u0131m\u0131z\u0131n I\u015e\u0130D tekfircilerini a\u011f\u0131r kay\u0131plara u\u011fratmalar\u0131 ard\u0131ndan Karyeteyn Kentinin kenarlar\u0131na d\u00fc\u015fen Mezralar ve B\u00fcy\u00fck Hrubi b\u00f6lgelerini kontrollerine ge\u00e7irdiklerini de aktaran kaynak; ahalinin can ve mal g\u00fcvenli\u011fini sa\u011flad\u0131klar\u0131n\u0131 aktard\u0131.<\/p>\n<p>Kaynak Karyeteyn Kentine giren ordu birliklerimizin bir\u00e7ok eksenden I\u015e\u0130D tekfircilerini kovalad\u0131klar\u0131n\u0131, say\u0131 ve ekipmanlar\u0131yla a\u011f\u0131r kay\u0131plara u\u011fratmalar\u0131 ard\u0131ndan kontrolleri alt\u0131ndaki b\u00f6lgeleri geni\u015flettiklerini belirtmi\u015fti.<\/p>\n<p>https:\/\/www.youtube.com\/watch?time_continue=6&#038;v=YLEXEoYNoo0<\/p>\n<p><span style=\"color: #0000ff\">HAMA:<\/span><\/p>\n<p>\u00d6te yandan askeri kaynak SANA\u2019ya a\u00e7\u0131klamas\u0131nda; ordu birliklerimizin Hama k\u0131rsal\u0131n\u0131n kuzeydo\u011fu k\u0131rsal\u0131nda T\u00fcrkiye rejimine tabi olarak faaliyet g\u00f6steren Kaide \u00d6rg\u00fct\u00fcn\u00fcn Suriye kolu Nusra Cephesi tekfircilerine y\u00f6nelik operasyonlar\u0131n\u0131 s\u00fcrd\u00fcrd\u00fcklerini beyan etti.<\/p>\n<p>Kaynak; il k\u0131rsal\u0131n\u0131n kuzeydo\u011fusu Zu\u011fba Huveyca ve Kasr Ebu Semra k\u00f6yleri civar\u0131ndaki askeri noktalara savunan askerlerimizin ter\u00f6r gruplar\u0131yla \u015fiddetli \u00e7at\u0131\u015fmalara girdiklerini belirtirken; \u00e7at\u0131\u015fmalarda en az 50 ter\u00f6risti \u00f6ld\u00fcr\u00fcp a\u011f\u0131r makineli silahlarla donat\u0131lm\u0131\u015f 3 araca ilaveten 1 tank\u0131 imha ettiklerini belirtti. Kaynak operasyonlarda tekfircilere ait du\u015fka tipi a\u011f\u0131r bir makineli silah ve bir f\u00fcze bataryas\u0131n\u0131n yan\u0131 s\u0131ra RPG roketlerinin aralar\u0131nda bulundu\u011fu b\u00fcy\u00fck miktarda silah ve te\u00e7hizatlar\u0131na ele koydu\u011funu s\u00f6yledi.<\/p>\n<p>https:\/\/youtu.be\/a_IY8jSRBBw<\/p>\n<p><span style=\"color: #0000ff\">DEYREZZOR:<\/span><\/p>\n<p>Deyrezzor k\u0131rsal\u0131nda da I\u015e\u0130D ter\u00f6r \u00f6rg\u00fct\u00fcne tabi komuta karargahlar\u0131 ve mevkilerine y\u00f6nelik operasyonlar s\u00fcrd\u00fcren hava g\u00fc\u00e7lerimiz; il k\u0131rsal\u0131n\u0131n do\u011fusu Cafra K\u00f6y\u00fcnde tekfircileri say\u0131 ve te\u00e7hizatlar\u0131yla a\u011f\u0131r kay\u0131plara u\u011fratt\u0131.<\/p>\n<p>Bu arada saha kaynaklar\u0131 halk Direni\u015f G\u00fc\u00e7lerinin son iki g\u00fcn i\u00e7inde Deyrezzor ilinin do\u011fu u\u00e7lar\u0131na d\u00fc\u015fen Albkemal Kentinin Hizam el Ahdar B\u00f6lgesinde I\u015e\u0130D ter\u00f6r \u00f6rg\u00fct\u00fcne tabi Tunuslu 3 ter\u00f6risti \u00f6ld\u00fcrd\u00fc. Halk Direni\u015f G\u00fc\u00e7leri Deyrezzor Kentinin yakla\u015f\u0131k 130 km g\u00fcneydo\u011fusuna d\u00fc\u015fen \u011eabra K\u00f6y\u00fcnde de aralar\u0131nda Tunuslular\u0131n bulundu\u011fu 3 ter\u00f6risti \u00f6ld\u00fcrd\u00fc.<\/p>\n<p><span style=\"color: #0000ff\">S\u00dcVEYDA:<\/span><\/p>\n<p>Di\u011fer yandan askeri kaynak; ordu birliklerimizin S\u00fcveyda k\u0131rsal\u0131n\u0131n kuzeydo\u011fusu G\u00fcney Tel E\u015fhayib B\u00f6lgesinde I\u015e\u0130D\u2019in toplanma merkezlerini yo\u011fun ate\u015fe tutmalar\u0131 sonucunda \u00e7ok say\u0131da ter\u00f6risti \u00f6l\u00fc ve yaral\u0131 d\u00fc\u015f\u00fcr\u00fcp ara\u00e7, silah ve m\u00fchimmatlar\u0131n\u0131 da yok ettiklerini s\u00f6yledi.<\/p>\n<p>R.H.<\/p>\n","protected":false},"excerpt":{"rendered":"<p>\u0130LLER \u2013 Vatan koruyucular\u0131m\u0131z destek\u00e7i g\u00fc\u00e7lerle i\u015fbirli\u011fi i\u00e7inde I\u015e\u0130D ve Nusra Cephesine kar\u015f\u0131 ba\u015far\u0131lar\u0131n\u0131 peki\u015ftirmeleriyle, ter\u00f6ristler say\u0131 ve cephaneleriyle ald\u0131klar\u0131 a\u011f\u0131r darbeler alt\u0131nda ciddi \u00e7\u00f6k\u00fc\u015fler ya\u015f\u0131yor LAZK\u0130YE: Lazkiye k\u0131rsal\u0131n\u0131n kuzeyinde T\u00fcrkiye&#8217;de Erdo\u011fan rejiminin destek ve komutas\u0131yla faaliyet g\u00f6steren Kaide \u00d6rg\u00fct\u00fcn\u00fcn Suriye kolu Nusra Cephesi ve \u00e7at\u0131s\u0131 alt\u0131ndaki di\u011fer tekfirci gruplardan ter\u00f6ristlerin Kensabba Nahiyesinde g\u00fcvenli b\u00f6lgelere &hellip;<\/p>\n","protected":false},"author":1,"featured_media":67563,"comment_status":"closed","ping_status":"closed","sticky":false,"template":"","format":"standard","meta":{"footnotes":""},"categories":[575],"tags":[],"class_list":["post-67562","post","type-post","status-publish","format-standard","has-post-thumbnail","","category-olaylar-ve-gercekler"],"_links":{"self":[{"href":"https:\/\/archive.sana.sy\/tr\/index.php?rest_route=\/wp\/v2\/posts\/67562","targetHints":{"allow":["GET"]}}],"collection":[{"href":"https:\/\/archive.sana.sy\/tr\/index.php?rest_route=\/wp\/v2\/posts"}],"about":[{"href":"https:\/\/archive.sana.sy\/tr\/index.php?rest_route=\/wp\/v2\/types\/post"}],"author":[{"embeddable":true,"href":"https:\/\/archive.sana.sy\/tr\/index.php?rest_route=\/wp\/v2\/users\/1"}],"replies":[{"embeddable":true,"href":"https:\/\/archive.sana.sy\/tr\/index.php?rest_route=%2Fwp%2Fv2%2Fcomments&post=67562"}],"version-history":[{"count":0,"href":"https:\/\/archive.sana.sy\/tr\/index.php?rest_route=\/wp\/v2\/posts\/67562\/revisions"}],"wp:featuredmedia":[{"embeddable":true,"href":"https:\/\/archive.sana.sy\/tr\/index.php?rest_route=\/wp\/v2\/media\/67563"}],"wp:attachment":[{"href":"https:\/\/archive.sana.sy\/tr\/index.php?rest_route=%2Fwp%2Fv2%2Fmedia&parent=67562"}],"wp:term":[{"taxonomy":"category","embeddable":true,"href":"https:\/\/archive.sana.sy\/tr\/index.php?rest_route=%2Fwp%2Fv2%2Fcategories&post=67562"},{"taxonomy":"post_tag","embeddable":true,"href":"https:\/\/archive.sana.sy\/tr\/index.php?rest_route=%2Fwp%2Fv2%2Ftags&post=67562"}],"curies":[{"name":"wp","href":"https:\/\/api.w.org\/{rel}","templated":true}]}}