{"id":67574,"date":"2016-04-03T21:15:53","date_gmt":"2016-04-03T18:15:53","guid":{"rendered":"http:\/\/sana.sy\/tr\/?p=67574"},"modified":"2016-04-04T12:36:35","modified_gmt":"2016-04-04T09:36:35","slug":"cek-cumhuriyeti-kuzey-suriye-federasyonunun-ilani-uluslararasi-kanunlara-aykiridir","status":"publish","type":"post","link":"https:\/\/archive.sana.sy\/tr\/?p=67574","title":{"rendered":"Suriye&#8217;de Federal Bir Yap\u0131 \u0130lan\u0131 Uluslararas\u0131 Kanunlara Ayk\u0131r\u0131d\u0131r"},"content":{"rendered":"<p>PARG \u2013 \u00c7ek Cumhuriyeti, Suriye\u2019nin kuzeyinde herhangi bir federal yap\u0131n\u0131n ilan edilmesini reddetti\u011fini a\u00e7\u0131klad\u0131.<\/p>\n<p>\u00c7ek Cumhuriyeti D\u0131\u015fi\u015fleri Bakanl\u0131\u011f\u0131 bug\u00fcn yay\u0131nlad\u0131\u011f\u0131 bir beyanda, \u00c7ek Cumhuriyeti H\u00fck\u00fcmetinin s\u00f6zde \u201cKuzey Suriye Federasyonu\u201d \u00f6zerk ya da ba\u011f\u0131ms\u0131z bir olu\u015fum olarak tan\u0131mayaca\u011f\u0131n\u0131 ifade ederek b\u00f6yle bir olu\u015fumun uluslararas\u0131 kanunlar kapsam\u0131nda da yeri olmad\u0131\u011f\u0131na dikkat \u00e7ekti.<\/p>\n<p>Ayr\u0131ca \u00c7ek Cumhuriyetinde ge\u00e7ti\u011fimiz y\u0131l 29 Ekim tarihinde \u201cAvrupa\u2019da Halk Koruma Birlikleri\u201d ad\u0131 alt\u0131nda kurulu\u015fu ilan edilen toplulu\u011fu da tan\u0131mad\u0131\u011f\u0131 ayr\u0131nt\u0131s\u0131na yer verilen beyanda; \u00c7ek Cumhuriyetinin uluslararas\u0131 kanunun bir \u00fcyesi olarak s\u00f6z konusu topluluk ile hi\u00e7bir \u015fekilde ileti\u015fim kurmayaca\u011f\u0131n\u0131n alt\u0131n\u0131 \u00e7izdi.<\/p>\n<p>Hat\u0131rlanaca\u011f\u0131 \u00fczere ge\u00e7ti\u011fimiz ay\u0131n 17\u2019sinde D\u0131\u015fi\u015fleri ve Gurbet\u00e7iler Bakanl\u0131\u011f\u0131nda yetkili bir kaynak, Suriye Arap Cumhuriyeti H\u00fck\u00fcmetinin herhangi bir isim ya da ba\u015fl\u0131k alt\u0131nda Suriye halk\u0131 ve topraklar\u0131n\u0131n birlik ve b\u00fct\u00fcnl\u00fc\u011f\u00fcn\u00fc bozma giri\u015fimlerine kar\u015f\u0131 dikkatli olma \u00e7a\u011fr\u0131s\u0131nda bulunarak b\u00f6yle bir giri\u015fimin hem Suriye anayasas\u0131na hem de uluslararas\u0131 kararlara ayk\u0131r\u0131l\u0131k te\u015fkil edece\u011fini vurgulam\u0131\u015ft\u0131. Kaynak Suriye h\u00fck\u00fcmeti, ordusu ve halk\u0131n\u0131n bu gibi bir ad\u0131ma mutlak bri \u015fekilde kar\u015f\u0131 oldu\u011funa da dikkat \u00e7ekmi\u015fti.<\/p>\n<p>F.B. &#8211; R.H.<\/p>\n","protected":false},"excerpt":{"rendered":"<p>PARG \u2013 \u00c7ek Cumhuriyeti, Suriye\u2019nin kuzeyinde herhangi bir federal yap\u0131n\u0131n ilan edilmesini reddetti\u011fini a\u00e7\u0131klad\u0131. \u00c7ek Cumhuriyeti D\u0131\u015fi\u015fleri Bakanl\u0131\u011f\u0131 bug\u00fcn yay\u0131nlad\u0131\u011f\u0131 bir beyanda, \u00c7ek Cumhuriyeti H\u00fck\u00fcmetinin s\u00f6zde \u201cKuzey Suriye Federasyonu\u201d \u00f6zerk ya da ba\u011f\u0131ms\u0131z bir olu\u015fum olarak tan\u0131mayaca\u011f\u0131n\u0131 ifade ederek b\u00f6yle bir olu\u015fumun uluslararas\u0131 kanunlar kapsam\u0131nda da yeri olmad\u0131\u011f\u0131na dikkat \u00e7ekti. Ayr\u0131ca \u00c7ek Cumhuriyetinde ge\u00e7ti\u011fimiz y\u0131l &hellip;<\/p>\n","protected":false},"author":1,"featured_media":67575,"comment_status":"closed","ping_status":"closed","sticky":false,"template":"","format":"standard","meta":{"footnotes":""},"categories":[458,459,17988],"tags":[20273],"class_list":["post-67574","post","type-post","status-publish","format-standard","has-post-thumbnail","","category-dunya1","category-haberler-arap-uluslararasi-politika","category-son-haberler","tag-cek-cumhuriyeti-kuzey-suriye-federasyonunun-ilani-uluslararasi-kanunlara-aykiridir"],"_links":{"self":[{"href":"https:\/\/archive.sana.sy\/tr\/index.php?rest_route=\/wp\/v2\/posts\/67574","targetHints":{"allow":["GET"]}}],"collection":[{"href":"https:\/\/archive.sana.sy\/tr\/index.php?rest_route=\/wp\/v2\/posts"}],"about":[{"href":"https:\/\/archive.sana.sy\/tr\/index.php?rest_route=\/wp\/v2\/types\/post"}],"author":[{"embeddable":true,"href":"https:\/\/archive.sana.sy\/tr\/index.php?rest_route=\/wp\/v2\/users\/1"}],"replies":[{"embeddable":true,"href":"https:\/\/archive.sana.sy\/tr\/index.php?rest_route=%2Fwp%2Fv2%2Fcomments&post=67574"}],"version-history":[{"count":0,"href":"https:\/\/archive.sana.sy\/tr\/index.php?rest_route=\/wp\/v2\/posts\/67574\/revisions"}],"wp:featuredmedia":[{"embeddable":true,"href":"https:\/\/archive.sana.sy\/tr\/index.php?rest_route=\/wp\/v2\/media\/67575"}],"wp:attachment":[{"href":"https:\/\/archive.sana.sy\/tr\/index.php?rest_route=%2Fwp%2Fv2%2Fmedia&parent=67574"}],"wp:term":[{"taxonomy":"category","embeddable":true,"href":"https:\/\/archive.sana.sy\/tr\/index.php?rest_route=%2Fwp%2Fv2%2Fcategories&post=67574"},{"taxonomy":"post_tag","embeddable":true,"href":"https:\/\/archive.sana.sy\/tr\/index.php?rest_route=%2Fwp%2Fv2%2Ftags&post=67574"}],"curies":[{"name":"wp","href":"https:\/\/api.w.org\/{rel}","templated":true}]}}