{"id":6759,"date":"2014-08-08T18:40:37","date_gmt":"2014-08-08T15:40:37","guid":{"rendered":"http:\/\/www.sana.sy\/tr\/?p=6759"},"modified":"2014-08-08T18:40:37","modified_gmt":"2014-08-08T15:40:37","slug":"dogu-kiliseleri-patrikligi-yasananlar-insanligin-alnindaki-utanc-lekesidir-2","status":"publish","type":"post","link":"https:\/\/archive.sana.sy\/tr\/?p=6759","title":{"rendered":"Do\u011fu Kiliseleri Patrikli\u011fi: Ya\u015fananlar \u0130nsanl\u0131\u011f\u0131n Aln\u0131ndaki Utan\u00e7 Lekesidir"},"content":{"rendered":"<p>BEYRUT \u2013 Do\u011fu Kiliseleri Patrikli\u011fi Suriye ve Irak\u2019a kar\u015f\u0131 s\u00fcrd\u00fcr\u00fclen ter\u00f6r sava\u015f\u0131n\u0131n durdurulmas\u0131 \u00e7a\u011fr\u0131s\u0131nda bulunarak ter\u00f6r gruplar\u0131na direk ve dolayl\u0131 yollardan silah ve finans deste\u011fi sa\u011flayan devlet ve \u00f6rg\u00fctlerden bu deste\u011fi derhal kesmeleri kesmelerini talep etti.<\/p>\n<p>L\u00fcbnanl\u0131 Patrik Kardinal B\u015fara Butros el Rai\u2019nin \u00e7a\u011fr\u0131s\u0131yla bug\u00fcn d\u00fczenlenen Do\u011fu Kiliseleri Toplant\u0131s\u0131 bitiminde yay\u0131nlanan beyanda; kayna\u011f\u0131 ne olursa olsun radikalizm ve ter\u00f6r\u00fcn destek\u00e7ilerine de zarar vermesinin ka\u00e7\u0131n\u0131lmaz oldu\u011funa dikkat \u00e7ekildi.<\/p>\n<p>Suriye&#8217;de 22 Nisan 2013 tarihinde silahl\u0131 ter\u00f6r gruplar\u0131 taraf\u0131ndan ka\u00e7\u0131r\u0131lan iki piskopos ile ilgili kay\u0131ts\u0131zl\u0131\u011f\u0131n garip bir durum oldu\u011funa dikkat \u00e7ekilen beyanda; bu konuyla ilgili uluslararas\u0131 tepkilerin yetersiz kald\u0131\u011f\u0131n\u0131n ve iki piskoposun serbest b\u0131rak\u0131lmas\u0131 i\u00e7in daha fazla \u00e7aba harcanmas\u0131 gerekti\u011finin alt\u0131 \u00e7izildi.<\/p>\n<p>Ortado\u011fu b\u00f6lgesinde ya\u015fayan H\u0131ristiyanlar\u0131n b\u00fcy\u00fck bir zulme maruz kald\u0131klar\u0131na, tekfircilerin burada H\u0131ristiyanlar\u0131 evlerinden zor ve bask\u0131 ile g\u00f6\u00e7 ettirdiklerine ve b\u00fct\u00fcn mallar\u0131n\u0131 gasp ettiklerine\u00a0 dikkat \u00e7ekilen beyanda;\u00a0 Ortado\u011fu b\u00f6lgesinde ya\u015fanan olaylar \u201cinsanl\u0131\u011f\u0131n aln\u0131ndaki utan\u00e7 lekesi\u201d \u015feklinde nitelendirildi.<\/p>\n","protected":false},"excerpt":{"rendered":"<p>BEYRUT \u2013 Do\u011fu Kiliseleri Patrikli\u011fi Suriye ve Irak\u2019a kar\u015f\u0131 s\u00fcrd\u00fcr\u00fclen ter\u00f6r sava\u015f\u0131n\u0131n durdurulmas\u0131 \u00e7a\u011fr\u0131s\u0131nda bulunarak ter\u00f6r gruplar\u0131na direk ve dolayl\u0131 yollardan silah ve finans deste\u011fi sa\u011flayan devlet ve \u00f6rg\u00fctlerden bu deste\u011fi derhal kesmeleri kesmelerini talep etti. L\u00fcbnanl\u0131 Patrik Kardinal B\u015fara Butros el Rai\u2019nin \u00e7a\u011fr\u0131s\u0131yla bug\u00fcn d\u00fczenlenen Do\u011fu Kiliseleri Toplant\u0131s\u0131 bitiminde yay\u0131nlanan beyanda; kayna\u011f\u0131 ne olursa &hellip;<\/p>\n","protected":false},"author":1,"featured_media":6760,"comment_status":"closed","ping_status":"closed","sticky":false,"template":"","format":"standard","meta":{"footnotes":""},"categories":[458,459,447,584],"tags":[1516],"class_list":["post-6759","post","type-post","status-publish","format-standard","has-post-thumbnail","","category-dunya1","category-haberler-arap-uluslararasi-politika","category-politika","category-yurtdisinda-sana-ofisleri","tag-dogu-kiliseleri-patrikligi-yasananlar-insanligin-alnindaki-utanc-lekesidir"],"_links":{"self":[{"href":"https:\/\/archive.sana.sy\/tr\/index.php?rest_route=\/wp\/v2\/posts\/6759","targetHints":{"allow":["GET"]}}],"collection":[{"href":"https:\/\/archive.sana.sy\/tr\/index.php?rest_route=\/wp\/v2\/posts"}],"about":[{"href":"https:\/\/archive.sana.sy\/tr\/index.php?rest_route=\/wp\/v2\/types\/post"}],"author":[{"embeddable":true,"href":"https:\/\/archive.sana.sy\/tr\/index.php?rest_route=\/wp\/v2\/users\/1"}],"replies":[{"embeddable":true,"href":"https:\/\/archive.sana.sy\/tr\/index.php?rest_route=%2Fwp%2Fv2%2Fcomments&post=6759"}],"version-history":[{"count":0,"href":"https:\/\/archive.sana.sy\/tr\/index.php?rest_route=\/wp\/v2\/posts\/6759\/revisions"}],"wp:featuredmedia":[{"embeddable":true,"href":"https:\/\/archive.sana.sy\/tr\/index.php?rest_route=\/wp\/v2\/media\/6760"}],"wp:attachment":[{"href":"https:\/\/archive.sana.sy\/tr\/index.php?rest_route=%2Fwp%2Fv2%2Fmedia&parent=6759"}],"wp:term":[{"taxonomy":"category","embeddable":true,"href":"https:\/\/archive.sana.sy\/tr\/index.php?rest_route=%2Fwp%2Fv2%2Fcategories&post=6759"},{"taxonomy":"post_tag","embeddable":true,"href":"https:\/\/archive.sana.sy\/tr\/index.php?rest_route=%2Fwp%2Fv2%2Ftags&post=6759"}],"curies":[{"name":"wp","href":"https:\/\/api.w.org\/{rel}","templated":true}]}}