{"id":6762,"date":"2014-08-08T18:47:13","date_gmt":"2014-08-08T15:47:13","guid":{"rendered":"http:\/\/www.sana.sy\/tr\/?p=6762"},"modified":"2014-08-08T18:47:13","modified_gmt":"2014-08-08T15:47:13","slug":"guney-afrika-ile-isbirligini-gelistirme-olanaklari-incelendi","status":"publish","type":"post","link":"https:\/\/archive.sana.sy\/tr\/?p=6762","title":{"rendered":"G\u00fcney Afrika \u0130le \u0130\u015fbirli\u011fini Geli\u015ftirme Olanaklar\u0131 \u0130ncelendi"},"content":{"rendered":"<p>\u015eAM \u2013 \u0130\u015flemleri Y\u00fcr\u00fctmekle M\u00fckellef Kabinede Sanayi Bakan\u0131 Kemalettin Tuma, G\u00fcney Afrika Cumhuriyeti \u015eam B\u00fcy\u00fckel\u00e7isi Shaun Byneveldt ile bir araya gelerek iki taraf aras\u0131ndaki sanayi ve ekonomik i\u015fbirli\u011fini ve bu i\u015fbirli\u011finin geli\u015ftirilmesi olanaklar\u0131n\u0131 inceledi.<\/p>\n<p>Suriye\u2019ye uygulanmakta olan ekonomik yapt\u0131r\u0131mlar nedeniyle sanayi sekt\u00f6r\u00fc ve kurulu\u015flar\u0131n\u0131n b\u00fcy\u00fck zarara u\u011frad\u0131\u011f\u0131na dikkat \u00e7eken Tuma; silahl\u0131 ter\u00f6r gruplar\u0131n\u0131 destekleyen kimi Arap ve Bat\u0131l\u0131 devletlerin uygulad\u0131\u011f\u0131 bu yapt\u0131r\u0131mlar\u0131n yan\u0131 s\u0131ra silahl\u0131 ter\u00f6r gruplar\u0131n\u0131n sald\u0131r\u0131, gasp ve katliam faaliyetleri nedeniyle bir\u00e7ok sanayi kurulu\u015funun \u00fcretim alan\u0131ndan \u00e7ekildi\u011fini belirtti.<\/p>\n<p>Bakanl\u0131\u011f\u0131n iki \u00fclke aras\u0131nda sanayi alan\u0131nda i\u015fbirli\u011fi ile ilgili anla\u015fma imzalamaya haz\u0131r oldu\u011funa i\u015faret eden Tuma; Suriye&#8217;de bir\u00e7ok alanda sanayi \u00fcretimi ile ilgili nitelikli beyinler bar\u0131nd\u0131rd\u0131\u011f\u0131n\u0131 beyan etti.<\/p>\n<p>\u00d6te yandan \u00fclkesinin Suriye ile ekonomik ili\u015fkileri geli\u015ftirme ve yeniden in\u015fa s\u00fcrecine katk\u0131da bulunma iste\u011fini dile getiren B\u00fcy\u00fckel\u00e7i Byneveldt; iki \u00fclke aras\u0131nda i\u015fbirli\u011fi anla\u015fmas\u0131 imzalanmas\u0131 \u00f6nerisini memnuniyetle kar\u015f\u0131lad\u0131\u011f\u0131n\u0131 belirtti.<\/p>\n","protected":false},"excerpt":{"rendered":"<p>\u015eAM \u2013 \u0130\u015flemleri Y\u00fcr\u00fctmekle M\u00fckellef Kabinede Sanayi Bakan\u0131 Kemalettin Tuma, G\u00fcney Afrika Cumhuriyeti \u015eam B\u00fcy\u00fckel\u00e7isi Shaun Byneveldt ile bir araya gelerek iki taraf aras\u0131ndaki sanayi ve ekonomik i\u015fbirli\u011fini ve bu i\u015fbirli\u011finin geli\u015ftirilmesi olanaklar\u0131n\u0131 inceledi. Suriye\u2019ye uygulanmakta olan ekonomik yapt\u0131r\u0131mlar nedeniyle sanayi sekt\u00f6r\u00fc ve kurulu\u015flar\u0131n\u0131n b\u00fcy\u00fck zarara u\u011frad\u0131\u011f\u0131na dikkat \u00e7eken Tuma; silahl\u0131 ter\u00f6r gruplar\u0131n\u0131 destekleyen kimi &hellip;<\/p>\n","protected":false},"author":1,"featured_media":6763,"comment_status":"closed","ping_status":"closed","sticky":false,"template":"","format":"standard","meta":{"footnotes":""},"categories":[485,486],"tags":[1517],"class_list":["post-6762","post","type-post","status-publish","format-standard","has-post-thumbnail","","category-is-ve-sermaye","category-haberler-is-ve-sermaye","tag-guney-afrika-ile-isbirligini-gelistirme-olanaklari-incelendi"],"_links":{"self":[{"href":"https:\/\/archive.sana.sy\/tr\/index.php?rest_route=\/wp\/v2\/posts\/6762","targetHints":{"allow":["GET"]}}],"collection":[{"href":"https:\/\/archive.sana.sy\/tr\/index.php?rest_route=\/wp\/v2\/posts"}],"about":[{"href":"https:\/\/archive.sana.sy\/tr\/index.php?rest_route=\/wp\/v2\/types\/post"}],"author":[{"embeddable":true,"href":"https:\/\/archive.sana.sy\/tr\/index.php?rest_route=\/wp\/v2\/users\/1"}],"replies":[{"embeddable":true,"href":"https:\/\/archive.sana.sy\/tr\/index.php?rest_route=%2Fwp%2Fv2%2Fcomments&post=6762"}],"version-history":[{"count":0,"href":"https:\/\/archive.sana.sy\/tr\/index.php?rest_route=\/wp\/v2\/posts\/6762\/revisions"}],"wp:featuredmedia":[{"embeddable":true,"href":"https:\/\/archive.sana.sy\/tr\/index.php?rest_route=\/wp\/v2\/media\/6763"}],"wp:attachment":[{"href":"https:\/\/archive.sana.sy\/tr\/index.php?rest_route=%2Fwp%2Fv2%2Fmedia&parent=6762"}],"wp:term":[{"taxonomy":"category","embeddable":true,"href":"https:\/\/archive.sana.sy\/tr\/index.php?rest_route=%2Fwp%2Fv2%2Fcategories&post=6762"},{"taxonomy":"post_tag","embeddable":true,"href":"https:\/\/archive.sana.sy\/tr\/index.php?rest_route=%2Fwp%2Fv2%2Ftags&post=6762"}],"curies":[{"name":"wp","href":"https:\/\/api.w.org\/{rel}","templated":true}]}}