{"id":6766,"date":"2014-08-08T19:00:12","date_gmt":"2014-08-08T16:00:12","guid":{"rendered":"http:\/\/www.sana.sy\/tr\/?p=6766"},"modified":"2014-08-09T19:35:18","modified_gmt":"2014-08-09T16:35:18","slug":"lazkiyede-gazi-damatlar-icin-toplu-dugun-toreni","status":"publish","type":"post","link":"https:\/\/archive.sana.sy\/tr\/?p=6766","title":{"rendered":"Lazkiye\u2019de Gazi Damatlar \u0130\u00e7in Toplu D\u00fc\u011f\u00fcn T\u00f6reni"},"content":{"rendered":"<p>\u201cSuriyeli Hay\u0131r Bayanlar\u0131 Cemiyeti\u201d gazilerimizin ter\u00f6rle m\u00fccadelede sergiledikleri kahramanl\u0131klar ve vatana duyduklar\u0131 sonsuz sevgi ve ba\u011fl\u0131l\u0131\u011f\u0131 takdirin bir ifadesi olarak d\u00fcn ak\u015fam 8 gazimiz i\u00e7in toplu d\u00fc\u011f\u00fcn t\u00f6reni d\u00fczenledi.<\/p>\n<p>Suriyeli Hay\u0131r Bayanlar\u0131 Cemiyeti Ba\u015fkan\u0131 Canset Kazan d\u00fc\u011f\u00fcn t\u00f6reninde yapt\u0131\u011f\u0131 konu\u015fmada; d\u00fc\u011f\u00fcn t\u00f6reni giri\u015fiminin kahraman gazilerimizin fedakarl\u0131klar\u0131 ve cesaretlerini takdir etmenin bir ifadesi oldu\u011funa i\u015faret ederek onurlu her vatan evlad\u0131n\u0131n, vatan\u0131 savunmak i\u00e7in sergilenen fedakarl\u0131klar\u0131n takdir ve minnetle kar\u015f\u0131lad\u0131\u011f\u0131n\u0131n alt\u0131n\u0131 \u00e7izdi.<\/p>\n<p>Suriye\u2019nin \u00e7ok g\u00fczel g\u00fcnler g\u00f6rece\u011fini vurgulayan Kazan; vatan topraklar\u0131nda ya\u015fayan annelerin evlatlar\u0131n\u0131 vatan sevgisiyle b\u00fcy\u00fctt\u00fc\u011f\u00fcn\u00fc ve vatan topraklar\u0131ndan tek bir kar\u0131\u015ftan bile asla vazge\u00e7meyeceklerini ifade etti.<\/p>\n<p>D\u00fc\u011f\u00fcn t\u00f6reninde bulunan L\u00fcbnanl\u0131 Gazeteci Samar el Hac \u00e7iftlere \u00f6m\u00fcr boyu mutluluklar dileyerek, vatanseverlik \u015fiar\u0131yla d\u00fczenlenen bu d\u00fc\u011f\u00fcn t\u00f6reninin zafer kutlamalar\u0131n\u0131n ba\u015flang\u0131c\u0131n\u0131 te\u015fkil etti\u011fini belirtti.<br \/>\nHat\u0131rlanaca\u011f\u0131 \u00fczere Suriye Hay\u0131r Bayanlar\u0131 Cemiyeti gazilerimize ve \u015fehit ailelerine destek amac\u0131yla kurulmu\u015f olup 35 bayan\u0131n g\u00f6n\u00fcll\u00fc olarak bir araya gelmesiyle olu\u015fturulmu\u015f bir cemiyettir.<\/p>\n<div id='gallery-1' class='gallery galleryid-6766 gallery-columns-3 gallery-size-thumbnail'><figure class='gallery-item'>\n\t\t\t<div class='gallery-icon landscape'>\n\t\t\t\t<a href='https:\/\/archive.sana.sy\/tr\/wp-content\/uploads\/2014\/08\/d\u00fc\u011f\u00fcn-2.jpg'><img loading=\"lazy\" decoding=\"async\" width=\"150\" height=\"102\" src=\"https:\/\/archive.sana.sy\/tr\/wp-content\/uploads\/2014\/08\/d\u00fc\u011f\u00fcn-2-150x102.jpg\" class=\"attachment-thumbnail size-thumbnail\" alt=\"\" srcset=\"https:\/\/archive.sana.sy\/tr\/wp-content\/uploads\/2014\/08\/d\u00fc\u011f\u00fcn-2-150x102.jpg 150w, https:\/\/archive.sana.sy\/tr\/wp-content\/uploads\/2014\/08\/d\u00fc\u011f\u00fcn-2-300x205.jpg 300w, https:\/\/archive.sana.sy\/tr\/wp-content\/uploads\/2014\/08\/d\u00fc\u011f\u00fcn-2-1024x700.jpg 1024w\" sizes=\"auto, (max-width: 150px) 100vw, 150px\" \/><\/a>\n\t\t\t<\/div><\/figure><figure class='gallery-item'>\n\t\t\t<div class='gallery-icon landscape'>\n\t\t\t\t<a href='https:\/\/archive.sana.sy\/tr\/wp-content\/uploads\/2014\/08\/d\u00fc\u011f\u00fcn-3.jpg'><img loading=\"lazy\" decoding=\"async\" width=\"150\" height=\"102\" src=\"https:\/\/archive.sana.sy\/tr\/wp-content\/uploads\/2014\/08\/d\u00fc\u011f\u00fcn-3-150x102.jpg\" class=\"attachment-thumbnail size-thumbnail\" alt=\"\" srcset=\"https:\/\/archive.sana.sy\/tr\/wp-content\/uploads\/2014\/08\/d\u00fc\u011f\u00fcn-3-150x102.jpg 150w, https:\/\/archive.sana.sy\/tr\/wp-content\/uploads\/2014\/08\/d\u00fc\u011f\u00fcn-3-300x205.jpg 300w, https:\/\/archive.sana.sy\/tr\/wp-content\/uploads\/2014\/08\/d\u00fc\u011f\u00fcn-3-1024x700.jpg 1024w, https:\/\/archive.sana.sy\/tr\/wp-content\/uploads\/2014\/08\/d\u00fc\u011f\u00fcn-3.jpg 2048w\" sizes=\"auto, (max-width: 150px) 100vw, 150px\" \/><\/a>\n\t\t\t<\/div><\/figure><figure class='gallery-item'>\n\t\t\t<div class='gallery-icon landscape'>\n\t\t\t\t<a href='https:\/\/archive.sana.sy\/tr\/wp-content\/uploads\/2014\/08\/d\u00fc\u011f\u00fcn-4.jpg'><img loading=\"lazy\" decoding=\"async\" width=\"150\" height=\"102\" src=\"https:\/\/archive.sana.sy\/tr\/wp-content\/uploads\/2014\/08\/d\u00fc\u011f\u00fcn-4-150x102.jpg\" class=\"attachment-thumbnail size-thumbnail\" alt=\"\" srcset=\"https:\/\/archive.sana.sy\/tr\/wp-content\/uploads\/2014\/08\/d\u00fc\u011f\u00fcn-4-150x102.jpg 150w, https:\/\/archive.sana.sy\/tr\/wp-content\/uploads\/2014\/08\/d\u00fc\u011f\u00fcn-4-300x205.jpg 300w, https:\/\/archive.sana.sy\/tr\/wp-content\/uploads\/2014\/08\/d\u00fc\u011f\u00fcn-4-1024x700.jpg 1024w\" sizes=\"auto, (max-width: 150px) 100vw, 150px\" \/><\/a>\n\t\t\t<\/div><\/figure>\n\t\t<\/div>\n\n","protected":false},"excerpt":{"rendered":"<p>\u201cSuriyeli Hay\u0131r Bayanlar\u0131 Cemiyeti\u201d gazilerimizin ter\u00f6rle m\u00fccadelede sergiledikleri kahramanl\u0131klar ve vatana duyduklar\u0131 sonsuz sevgi ve ba\u011fl\u0131l\u0131\u011f\u0131 takdirin bir ifadesi olarak d\u00fcn ak\u015fam 8 gazimiz i\u00e7in toplu d\u00fc\u011f\u00fcn t\u00f6reni d\u00fczenledi. Suriyeli Hay\u0131r Bayanlar\u0131 Cemiyeti Ba\u015fkan\u0131 Canset Kazan d\u00fc\u011f\u00fcn t\u00f6reninde yapt\u0131\u011f\u0131 konu\u015fmada; d\u00fc\u011f\u00fcn t\u00f6reni giri\u015fiminin kahraman gazilerimizin fedakarl\u0131klar\u0131 ve cesaretlerini takdir etmenin bir ifadesi oldu\u011funa i\u015faret ederek &hellip;<\/p>\n","protected":false},"author":1,"featured_media":6767,"comment_status":"closed","ping_status":"closed","sticky":false,"template":"","format":"standard","meta":{"footnotes":""},"categories":[596,479,478],"tags":[1518],"class_list":["post-6766","post","type-post","status-publish","format-standard","has-post-thumbnail","","category-fotografli-raporlar","category-haberler-yerel","category-yerel","tag-lazkiyede-gazi-damatlar-icin-toplu-dugun-toreni"],"_links":{"self":[{"href":"https:\/\/archive.sana.sy\/tr\/index.php?rest_route=\/wp\/v2\/posts\/6766","targetHints":{"allow":["GET"]}}],"collection":[{"href":"https:\/\/archive.sana.sy\/tr\/index.php?rest_route=\/wp\/v2\/posts"}],"about":[{"href":"https:\/\/archive.sana.sy\/tr\/index.php?rest_route=\/wp\/v2\/types\/post"}],"author":[{"embeddable":true,"href":"https:\/\/archive.sana.sy\/tr\/index.php?rest_route=\/wp\/v2\/users\/1"}],"replies":[{"embeddable":true,"href":"https:\/\/archive.sana.sy\/tr\/index.php?rest_route=%2Fwp%2Fv2%2Fcomments&post=6766"}],"version-history":[{"count":0,"href":"https:\/\/archive.sana.sy\/tr\/index.php?rest_route=\/wp\/v2\/posts\/6766\/revisions"}],"wp:featuredmedia":[{"embeddable":true,"href":"https:\/\/archive.sana.sy\/tr\/index.php?rest_route=\/wp\/v2\/media\/6767"}],"wp:attachment":[{"href":"https:\/\/archive.sana.sy\/tr\/index.php?rest_route=%2Fwp%2Fv2%2Fmedia&parent=6766"}],"wp:term":[{"taxonomy":"category","embeddable":true,"href":"https:\/\/archive.sana.sy\/tr\/index.php?rest_route=%2Fwp%2Fv2%2Fcategories&post=6766"},{"taxonomy":"post_tag","embeddable":true,"href":"https:\/\/archive.sana.sy\/tr\/index.php?rest_route=%2Fwp%2Fv2%2Ftags&post=6766"}],"curies":[{"name":"wp","href":"https:\/\/api.w.org\/{rel}","templated":true}]}}