{"id":67674,"date":"2016-04-04T16:53:24","date_gmt":"2016-04-04T13:53:24","guid":{"rendered":"http:\/\/sana.sy\/tr\/?p=67674"},"modified":"2016-04-05T16:37:07","modified_gmt":"2016-04-05T13:37:07","slug":"teroristler-yine-sivilleri-hedef-aldi-4","status":"publish","type":"post","link":"https:\/\/archive.sana.sy\/tr\/?p=67674","title":{"rendered":"Ter\u00f6ristler Yine Sivilleri Hedef Ald\u0131"},"content":{"rendered":"<p>HALEP \u2013 Halep\u2019te katil Erdo\u011fan \u00e7eteleri \u00e7at\u0131\u015fmalar\u0131 durdurma anla\u015fmas\u0131na yeni ve a\u00e7\u0131k ihlallerle g\u00fcvenli alanlar\u0131 ve masum insanlar\u0131 k\u00f6r ve korkak roketlerle hedef almaya devam ediyorlar.<\/p>\n<p>Halep Valili\u011finde yetkili bir kaynak bug\u00fcn SANA\u2019ya a\u00e7\u0131klamas\u0131nda; Halep Kentinin bat\u0131s\u0131na yak\u0131n b\u00f6lgelerde siperlenen radikal \u00e7etelerin f\u0131rlatt\u0131klar\u0131 bir\u00e7ok f\u00fczenin Yeni Halep Semtine d\u00fc\u015fmeleri sonucunda 2 vatanda\u015f\u0131n \u015fehit d\u00fc\u015ft\u00fc\u011f\u00fcn\u00fc, 3 vatanda\u015f\u0131n da yaraland\u0131\u011f\u0131n\u0131 ifade etti.<\/p>\n<p>Kaynak; hain ve gaddar sald\u0131r\u0131larda sivillere ait i\u015f yerlerinin yan\u0131 s\u0131ra 2 ara\u00e7ta da b\u00fcy\u00fck maddi hasar\u0131n olu\u015ftu\u011funu belirtti.<\/p>\n<p>Halep Valili\u011finden bir kaynak ak\u015fam saatlerinde SANA\u2019ya a\u00e7\u0131klamas\u0131nda Erdo\u011fan rejimine tabi ter\u00f6ristlerin Selahattin Semtine bulunduklar\u0131 f\u00fcze sald\u0131r\u0131s\u0131nda bir vatanda\u015f\u0131n \u015fehit d\u00fc\u015ft\u00fc\u011f\u00fcn\u00fc aktard\u0131.<\/p>\n","protected":false},"excerpt":{"rendered":"<p>HALEP \u2013 Halep\u2019te katil Erdo\u011fan \u00e7eteleri \u00e7at\u0131\u015fmalar\u0131 durdurma anla\u015fmas\u0131na yeni ve a\u00e7\u0131k ihlallerle g\u00fcvenli alanlar\u0131 ve masum insanlar\u0131 k\u00f6r ve korkak roketlerle hedef almaya devam ediyorlar. Halep Valili\u011finde yetkili bir kaynak bug\u00fcn SANA\u2019ya a\u00e7\u0131klamas\u0131nda; Halep Kentinin bat\u0131s\u0131na yak\u0131n b\u00f6lgelerde siperlenen radikal \u00e7etelerin f\u0131rlatt\u0131klar\u0131 bir\u00e7ok f\u00fczenin Yeni Halep Semtine d\u00fc\u015fmeleri sonucunda 2 vatanda\u015f\u0131n \u015fehit d\u00fc\u015ft\u00fc\u011f\u00fcn\u00fc, 3 &hellip;<\/p>\n","protected":false},"author":1,"featured_media":67675,"comment_status":"closed","ping_status":"closed","sticky":false,"template":"","format":"standard","meta":{"footnotes":""},"categories":[479,575,17988,478],"tags":[],"class_list":["post-67674","post","type-post","status-publish","format-standard","has-post-thumbnail","","category-haberler-yerel","category-olaylar-ve-gercekler","category-son-haberler","category-yerel"],"_links":{"self":[{"href":"https:\/\/archive.sana.sy\/tr\/index.php?rest_route=\/wp\/v2\/posts\/67674","targetHints":{"allow":["GET"]}}],"collection":[{"href":"https:\/\/archive.sana.sy\/tr\/index.php?rest_route=\/wp\/v2\/posts"}],"about":[{"href":"https:\/\/archive.sana.sy\/tr\/index.php?rest_route=\/wp\/v2\/types\/post"}],"author":[{"embeddable":true,"href":"https:\/\/archive.sana.sy\/tr\/index.php?rest_route=\/wp\/v2\/users\/1"}],"replies":[{"embeddable":true,"href":"https:\/\/archive.sana.sy\/tr\/index.php?rest_route=%2Fwp%2Fv2%2Fcomments&post=67674"}],"version-history":[{"count":0,"href":"https:\/\/archive.sana.sy\/tr\/index.php?rest_route=\/wp\/v2\/posts\/67674\/revisions"}],"wp:featuredmedia":[{"embeddable":true,"href":"https:\/\/archive.sana.sy\/tr\/index.php?rest_route=\/wp\/v2\/media\/67675"}],"wp:attachment":[{"href":"https:\/\/archive.sana.sy\/tr\/index.php?rest_route=%2Fwp%2Fv2%2Fmedia&parent=67674"}],"wp:term":[{"taxonomy":"category","embeddable":true,"href":"https:\/\/archive.sana.sy\/tr\/index.php?rest_route=%2Fwp%2Fv2%2Fcategories&post=67674"},{"taxonomy":"post_tag","embeddable":true,"href":"https:\/\/archive.sana.sy\/tr\/index.php?rest_route=%2Fwp%2Fv2%2Ftags&post=67674"}],"curies":[{"name":"wp","href":"https:\/\/api.w.org\/{rel}","templated":true}]}}