{"id":67677,"date":"2016-04-04T16:58:44","date_gmt":"2016-04-04T13:58:44","guid":{"rendered":"http:\/\/sana.sy\/tr\/?p=67677"},"modified":"2016-04-05T16:37:02","modified_gmt":"2016-04-05T13:37:02","slug":"gundem-terorle-mucadelede-ikili-isbirligi-ve-bilgi-alisverisi","status":"publish","type":"post","link":"https:\/\/archive.sana.sy\/tr\/?p=67677","title":{"rendered":"G\u00fcndem Ter\u00f6rle M\u00fccadelede \u0130kili \u0130\u015fbirli\u011fi ve Bilgi Al\u0131\u015fveri\u015fi"},"content":{"rendered":"<p>BA\u011eDAT \u2013 Irak Savunma bakan\u0131 Halit el Ubeydi ve Suriye&#8217;nin Ba\u011fdat B\u00fcy\u00fckel\u00e7isi Sattam Cedaen el Dendah bug\u00fcn Ba\u011fdat\u2019ta iki karde\u015f \u00fclkede ter\u00f6rle m\u00fccadele y\u00f6n\u00fcndeki i\u015fbirli\u011fi ve koordinasyonu geli\u015ftirme olanaklar\u0131n\u0131 g\u00f6r\u00fc\u015ft\u00fc.<\/p>\n<p>Ter\u00f6r \u00f6rg\u00fctlerinin hareketlenmeleri ve bu \u00f6rg\u00fctleri yok etmekle birlikte iki \u00fclkenin karde\u015f halklar\u0131n\u0131 s\u00f6z konusu ter\u00f6r vah\u015fetinden korumada bilgi al\u0131\u015fveri\u015finin \u00f6nemine dikkat \u00e7ekilen g\u00f6r\u00fc\u015fmede; iki taraf bu konuda ortak bir vizyon sergiledi.<\/p>\n<p>Irak Savunma Bakan\u0131 Ubeydi Suriye ordusunun \u00fclke genelinde ter\u00f6re kar\u015f\u0131 ba\u015far\u0131 ve zaferlerini \u00f6verken, Suriye ve Irak\u2019\u0131n ortak bir d\u00fc\u015fmana kar\u015f\u0131 ayn\u0131 sava\u015f\u0131 verdiklerine dikkat \u00e7ekti.<\/p>\n<p>B\u00fcy\u00fckel\u00e7i Dendah ise Irak ordusunun Enbar ve Nenava b\u00f6lgelerinde sa\u011flad\u0131\u011f\u0131 ba\u015far\u0131lar\u0131n takdire \u015fayan oldu\u011funu belirtirken, iki \u00fclke ordular\u0131n\u0131n ter\u00f6re kar\u015f\u0131 ba\u015far\u0131lar\u0131n\u0131n birbirilerini tamamlad\u0131\u011f\u0131n\u0131 ifade etti.<\/p>\n","protected":false},"excerpt":{"rendered":"<p>BA\u011eDAT \u2013 Irak Savunma bakan\u0131 Halit el Ubeydi ve Suriye&#8217;nin Ba\u011fdat B\u00fcy\u00fckel\u00e7isi Sattam Cedaen el Dendah bug\u00fcn Ba\u011fdat\u2019ta iki karde\u015f \u00fclkede ter\u00f6rle m\u00fccadele y\u00f6n\u00fcndeki i\u015fbirli\u011fi ve koordinasyonu geli\u015ftirme olanaklar\u0131n\u0131 g\u00f6r\u00fc\u015ft\u00fc. Ter\u00f6r \u00f6rg\u00fctlerinin hareketlenmeleri ve bu \u00f6rg\u00fctleri yok etmekle birlikte iki \u00fclkenin karde\u015f halklar\u0131n\u0131 s\u00f6z konusu ter\u00f6r vah\u015fetinden korumada bilgi al\u0131\u015fveri\u015finin \u00f6nemine dikkat \u00e7ekilen g\u00f6r\u00fc\u015fmede; iki &hellip;<\/p>\n","protected":false},"author":1,"featured_media":67678,"comment_status":"closed","ping_status":"closed","sticky":false,"template":"","format":"standard","meta":{"footnotes":""},"categories":[458,459,17988],"tags":[],"class_list":["post-67677","post","type-post","status-publish","format-standard","has-post-thumbnail","","category-dunya1","category-haberler-arap-uluslararasi-politika","category-son-haberler"],"_links":{"self":[{"href":"https:\/\/archive.sana.sy\/tr\/index.php?rest_route=\/wp\/v2\/posts\/67677","targetHints":{"allow":["GET"]}}],"collection":[{"href":"https:\/\/archive.sana.sy\/tr\/index.php?rest_route=\/wp\/v2\/posts"}],"about":[{"href":"https:\/\/archive.sana.sy\/tr\/index.php?rest_route=\/wp\/v2\/types\/post"}],"author":[{"embeddable":true,"href":"https:\/\/archive.sana.sy\/tr\/index.php?rest_route=\/wp\/v2\/users\/1"}],"replies":[{"embeddable":true,"href":"https:\/\/archive.sana.sy\/tr\/index.php?rest_route=%2Fwp%2Fv2%2Fcomments&post=67677"}],"version-history":[{"count":0,"href":"https:\/\/archive.sana.sy\/tr\/index.php?rest_route=\/wp\/v2\/posts\/67677\/revisions"}],"wp:featuredmedia":[{"embeddable":true,"href":"https:\/\/archive.sana.sy\/tr\/index.php?rest_route=\/wp\/v2\/media\/67678"}],"wp:attachment":[{"href":"https:\/\/archive.sana.sy\/tr\/index.php?rest_route=%2Fwp%2Fv2%2Fmedia&parent=67677"}],"wp:term":[{"taxonomy":"category","embeddable":true,"href":"https:\/\/archive.sana.sy\/tr\/index.php?rest_route=%2Fwp%2Fv2%2Fcategories&post=67677"},{"taxonomy":"post_tag","embeddable":true,"href":"https:\/\/archive.sana.sy\/tr\/index.php?rest_route=%2Fwp%2Fv2%2Ftags&post=67677"}],"curies":[{"name":"wp","href":"https:\/\/api.w.org\/{rel}","templated":true}]}}