{"id":67686,"date":"2016-04-04T19:31:08","date_gmt":"2016-04-04T16:31:08","guid":{"rendered":"http:\/\/www.sana.sy\/tr\/?p=67686"},"modified":"2016-04-04T19:31:08","modified_gmt":"2016-04-04T16:31:08","slug":"aksam-saatlerinde-aciklama-yapan-bir-kaynak-ordu-birliklerimizin-homs-kirsalinin-kuzeyi-deyr-fol-koyunde-ahrar-el-sam-islami-hareketine-tabi-bir-grubun-tum-uyelerini-olu-ve-yarali-d","status":"publish","type":"post","link":"https:\/\/archive.sana.sy\/tr\/?p=67686","title":{"rendered":"Ak\u015fam saatlerinde a\u00e7\u0131klama yapan bir kaynak; ordu birliklerimizin Homs k\u0131rsal\u0131n\u0131n kuzeyi Deyr Fol K\u00f6y\u00fcnde \u2018Ahrar el \u015eam \u0130slami Hareketi\u2019ne tabi bir grubun t\u00fcm \u00fcyelerini \u00f6l\u00fc ve yaral\u0131 d\u00fc\u015f\u00fcrd\u00fcklerini s\u00f6yledi"},"content":{"rendered":"<p>Ak\u015fam saatlerinde a\u00e7\u0131klama yapan bir kaynak; ordu birliklerimizin Homs k\u0131rsal\u0131n\u0131n kuzeyi Deyr Fol K\u00f6y\u00fcnde \u2018Ahrar el \u015eam \u0130slami Hareketi\u2019ne tabi bir grubun t\u00fcm \u00fcyelerini \u00f6l\u00fc ve yaral\u0131 d\u00fc\u015f\u00fcrd\u00fcklerini s\u00f6yledi<\/p>\n","protected":false},"excerpt":{"rendered":"<p>Ak\u015fam saatlerinde a\u00e7\u0131klama yapan bir kaynak; ordu birliklerimizin Homs k\u0131rsal\u0131n\u0131n kuzeyi Deyr Fol K\u00f6y\u00fcnde \u2018Ahrar el \u015eam \u0130slami Hareketi\u2019ne tabi bir grubun t\u00fcm \u00fcyelerini \u00f6l\u00fc ve yaral\u0131 d\u00fc\u015f\u00fcrd\u00fcklerini s\u00f6yledi<\/p>\n","protected":false},"author":1,"featured_media":0,"comment_status":"closed","ping_status":"closed","sticky":false,"template":"","format":"standard","meta":{"footnotes":""},"categories":[17991],"tags":[],"class_list":["post-67686","post","type-post","status-publish","format-standard","","category-son-dakika"],"_links":{"self":[{"href":"https:\/\/archive.sana.sy\/tr\/index.php?rest_route=\/wp\/v2\/posts\/67686","targetHints":{"allow":["GET"]}}],"collection":[{"href":"https:\/\/archive.sana.sy\/tr\/index.php?rest_route=\/wp\/v2\/posts"}],"about":[{"href":"https:\/\/archive.sana.sy\/tr\/index.php?rest_route=\/wp\/v2\/types\/post"}],"author":[{"embeddable":true,"href":"https:\/\/archive.sana.sy\/tr\/index.php?rest_route=\/wp\/v2\/users\/1"}],"replies":[{"embeddable":true,"href":"https:\/\/archive.sana.sy\/tr\/index.php?rest_route=%2Fwp%2Fv2%2Fcomments&post=67686"}],"version-history":[{"count":0,"href":"https:\/\/archive.sana.sy\/tr\/index.php?rest_route=\/wp\/v2\/posts\/67686\/revisions"}],"wp:attachment":[{"href":"https:\/\/archive.sana.sy\/tr\/index.php?rest_route=%2Fwp%2Fv2%2Fmedia&parent=67686"}],"wp:term":[{"taxonomy":"category","embeddable":true,"href":"https:\/\/archive.sana.sy\/tr\/index.php?rest_route=%2Fwp%2Fv2%2Fcategories&post=67686"},{"taxonomy":"post_tag","embeddable":true,"href":"https:\/\/archive.sana.sy\/tr\/index.php?rest_route=%2Fwp%2Fv2%2Ftags&post=67686"}],"curies":[{"name":"wp","href":"https:\/\/api.w.org\/{rel}","templated":true}]}}