{"id":67769,"date":"2016-04-05T15:22:37","date_gmt":"2016-04-05T12:22:37","guid":{"rendered":"http:\/\/www.sana.sy\/tr\/?p=67769"},"modified":"2016-04-06T18:48:43","modified_gmt":"2016-04-06T15:48:43","slug":"teroristler-ucagi-dusurdu","status":"publish","type":"post","link":"https:\/\/archive.sana.sy\/tr\/?p=67769","title":{"rendered":"Ter\u00f6ristler U\u00e7a\u011f\u0131 D\u00fc\u015f\u00fcrd\u00fc"},"content":{"rendered":"<p>\u015eAM \u2013 Askeri bir kaynak Suriye ordusuna ait bir sava\u015f u\u00e7a\u011f\u0131n\u0131n Halep\u2019te ke\u015fif u\u00e7u\u015fundan bulundu\u011fu s\u0131rada d\u00fc\u015f\u00fcld\u00fc\u011f\u00fcn\u00fc belirtti.<\/p>\n<p>Kaynak SANA\u2019ya a\u00e7\u0131klamas\u0131nda; s\u00f6z konusu u\u00e7a\u011f\u0131n Halep k\u0131rsal\u0131nda ke\u015fif u\u00e7u\u015funda bulundu\u011fu s\u0131rada ter\u00f6ristler taraf\u0131ndan f\u0131rlat\u0131lan bir kara-hava f\u00fczesiyle hedef al\u0131n\u0131p d\u00fc\u015f\u00fcr\u00fcld\u00fc\u011f\u00fcn\u00fc a\u00e7\u0131klad\u0131. U\u00e7ak pilotunun u\u00e7a\u011f\u0131n vurulmas\u0131 ard\u0131ndan para\u015f\u00fctle atlad\u0131\u011f\u0131na dikkat \u00e7eken kaynak; pilotu para\u015f\u00fctle indi\u011fi yerden alma operasyonu ba\u015flat\u0131ld\u0131\u011f\u0131n\u0131 s\u00f6yledi.<\/p>\n","protected":false},"excerpt":{"rendered":"<p>\u015eAM \u2013 Askeri bir kaynak Suriye ordusuna ait bir sava\u015f u\u00e7a\u011f\u0131n\u0131n Halep\u2019te ke\u015fif u\u00e7u\u015fundan bulundu\u011fu s\u0131rada d\u00fc\u015f\u00fcld\u00fc\u011f\u00fcn\u00fc belirtti. Kaynak SANA\u2019ya a\u00e7\u0131klamas\u0131nda; s\u00f6z konusu u\u00e7a\u011f\u0131n Halep k\u0131rsal\u0131nda ke\u015fif u\u00e7u\u015funda bulundu\u011fu s\u0131rada ter\u00f6ristler taraf\u0131ndan f\u0131rlat\u0131lan bir kara-hava f\u00fczesiyle hedef al\u0131n\u0131p d\u00fc\u015f\u00fcr\u00fcld\u00fc\u011f\u00fcn\u00fc a\u00e7\u0131klad\u0131. U\u00e7ak pilotunun u\u00e7a\u011f\u0131n vurulmas\u0131 ard\u0131ndan para\u015f\u00fctle atlad\u0131\u011f\u0131na dikkat \u00e7eken kaynak; pilotu para\u015f\u00fctle indi\u011fi yerden alma &hellip;<\/p>\n","protected":false},"author":1,"featured_media":67701,"comment_status":"closed","ping_status":"closed","sticky":false,"template":"","format":"standard","meta":{"footnotes":""},"categories":[479,575,17988,478],"tags":[18237,20076,20320,11549,17320,2930],"class_list":["post-67769","post","type-post","status-publish","format-standard","has-post-thumbnail","","category-haberler-yerel","category-olaylar-ve-gercekler","category-son-haberler","category-yerel","tag-cihatcilar","tag-mucahitler","tag-savas-ucagi","tag-suriye-ordusu","tag-tekfirciler","tag-teroristler"],"_links":{"self":[{"href":"https:\/\/archive.sana.sy\/tr\/index.php?rest_route=\/wp\/v2\/posts\/67769","targetHints":{"allow":["GET"]}}],"collection":[{"href":"https:\/\/archive.sana.sy\/tr\/index.php?rest_route=\/wp\/v2\/posts"}],"about":[{"href":"https:\/\/archive.sana.sy\/tr\/index.php?rest_route=\/wp\/v2\/types\/post"}],"author":[{"embeddable":true,"href":"https:\/\/archive.sana.sy\/tr\/index.php?rest_route=\/wp\/v2\/users\/1"}],"replies":[{"embeddable":true,"href":"https:\/\/archive.sana.sy\/tr\/index.php?rest_route=%2Fwp%2Fv2%2Fcomments&post=67769"}],"version-history":[{"count":0,"href":"https:\/\/archive.sana.sy\/tr\/index.php?rest_route=\/wp\/v2\/posts\/67769\/revisions"}],"wp:featuredmedia":[{"embeddable":true,"href":"https:\/\/archive.sana.sy\/tr\/index.php?rest_route=\/wp\/v2\/media\/67701"}],"wp:attachment":[{"href":"https:\/\/archive.sana.sy\/tr\/index.php?rest_route=%2Fwp%2Fv2%2Fmedia&parent=67769"}],"wp:term":[{"taxonomy":"category","embeddable":true,"href":"https:\/\/archive.sana.sy\/tr\/index.php?rest_route=%2Fwp%2Fv2%2Fcategories&post=67769"},{"taxonomy":"post_tag","embeddable":true,"href":"https:\/\/archive.sana.sy\/tr\/index.php?rest_route=%2Fwp%2Fv2%2Ftags&post=67769"}],"curies":[{"name":"wp","href":"https:\/\/api.w.org\/{rel}","templated":true}]}}