{"id":67774,"date":"2016-04-05T16:05:57","date_gmt":"2016-04-05T13:05:57","guid":{"rendered":"http:\/\/www.sana.sy\/tr\/?p=67774"},"modified":"2016-04-06T18:48:39","modified_gmt":"2016-04-06T15:48:39","slug":"haseke-iscileri-ve-halki-duyarli-adaylarin-secilmesi-onemi-belirtiyor","status":"publish","type":"post","link":"https:\/\/archive.sana.sy\/tr\/?p=67774","title":{"rendered":"Haseke \u0130\u015f\u00e7ileri ve Halk\u0131 Faaliyetler D\u00fczenledi"},"content":{"rendered":"<p>HASEKE \u2013 \u0130\u015f\u00e7iler Birli\u011fi Haseke \u0130l \u015eubesi bug\u00fcn \u2018Yasama Se\u00e7imleri Yeni Bir Siyasi Zaferdir\u2019 slogan\u0131 alt\u0131nda panel d\u00fczenledi.<\/p>\n<p>Panel kat\u0131l\u0131mc\u0131lar\u0131 se\u00e7imlerin anayasa \u00e7er\u00e7evesinde belirlenen tarihte yap\u0131lmas\u0131 ve bu se\u00e7imlere yo\u011fun kat\u0131l\u0131m\u0131n, vatan ve halk\u0131n\u0131 d\u0131\u015f destekli ter\u00f6re kar\u015f\u0131 koruyan Suriye ordusunun zaferlerine destek niteli\u011fi ta\u015f\u0131d\u0131\u011f\u0131na dikkat \u00e7ekti.<\/p>\n<p>\u0130\u015f\u00e7iler Birli\u011fi \u0130l \u015eubesinde K\u00fclt\u00fcr ve Enformasyon Sorumlusu \u00d6mer el Muhammed; i\u015f\u00e7iler ba\u015fta olmak \u00fczere genel olarak t\u00fcm toplum i\u00e7inde se\u00e7imlere g\u00f6sterilen ilginin takdire \u015fayan oldu\u011funu ifade etti. Muhammed milletvekili adaylar\u0131 aras\u0131nda halk\u0131n ideallerini ve ihtiya\u00e7lar\u0131n\u0131 ger\u00e7ekle\u015ftirecek en uygun aday\u0131n se\u00e7ilmesine \u00f6nem verilmesi \u00f6nemini belirtti.<\/p>\n<p>Di\u011fer yandan Haseke\u2019de sivil toplum ve halk faaliyetleri se\u00e7imlerde en uygun adaylar\u0131n se\u00e7ilmesi ve bu ba\u011flamda ulusalc\u0131 bir duyarl\u0131l\u0131\u011f\u0131n sergilenmesi \u00f6nemine dikkat \u00e7ekme amac\u0131yla kentin merkezinde kitlesel bir miting d\u00fczenledi. Mitingde vatan\u0131n ya\u015fad\u0131\u011f\u0131 zor ve istisnai ko\u015fullara dikkat \u00e7ekilerek ulusal sorumlulu\u011fa sahip adaylar\u0131n se\u00e7ilmesi gere\u011fi ifade edildi.<\/p>\n<div id='gallery-1' class='gallery galleryid-67774 gallery-columns-3 gallery-size-thumbnail'><figure class='gallery-item'>\n\t\t\t<div class='gallery-icon landscape'>\n\t\t\t\t<a href='https:\/\/archive.sana.sy\/tr\/wp-content\/uploads\/2016\/04\/Haseke-\u0130\u015f\u00e7ileri-ve-Halk\u0131-Duyarl\u0131-Adaylar\u0131n-Se\u00e7ilmesi-\u00d6nemi-Belirtiyor-2.jpg'><img loading=\"lazy\" decoding=\"async\" width=\"150\" height=\"101\" src=\"https:\/\/archive.sana.sy\/tr\/wp-content\/uploads\/2016\/04\/Haseke-\u0130\u015f\u00e7ileri-ve-Halk\u0131-Duyarl\u0131-Adaylar\u0131n-Se\u00e7ilmesi-\u00d6nemi-Belirtiyor-2-150x101.jpg\" class=\"attachment-thumbnail size-thumbnail\" alt=\"\" srcset=\"https:\/\/archive.sana.sy\/tr\/wp-content\/uploads\/2016\/04\/Haseke-\u0130\u015f\u00e7ileri-ve-Halk\u0131-Duyarl\u0131-Adaylar\u0131n-Se\u00e7ilmesi-\u00d6nemi-Belirtiyor-2-150x101.jpg 150w, https:\/\/archive.sana.sy\/tr\/wp-content\/uploads\/2016\/04\/Haseke-\u0130\u015f\u00e7ileri-ve-Halk\u0131-Duyarl\u0131-Adaylar\u0131n-Se\u00e7ilmesi-\u00d6nemi-Belirtiyor-2-300x203.jpg 300w, https:\/\/archive.sana.sy\/tr\/wp-content\/uploads\/2016\/04\/Haseke-\u0130\u015f\u00e7ileri-ve-Halk\u0131-Duyarl\u0131-Adaylar\u0131n-Se\u00e7ilmesi-\u00d6nemi-Belirtiyor-2-110x75.jpg 110w, https:\/\/archive.sana.sy\/tr\/wp-content\/uploads\/2016\/04\/Haseke-\u0130\u015f\u00e7ileri-ve-Halk\u0131-Duyarl\u0131-Adaylar\u0131n-Se\u00e7ilmesi-\u00d6nemi-Belirtiyor-2.jpg 700w\" sizes=\"auto, (max-width: 150px) 100vw, 150px\" \/><\/a>\n\t\t\t<\/div><\/figure><figure class='gallery-item'>\n\t\t\t<div class='gallery-icon landscape'>\n\t\t\t\t<a href='https:\/\/archive.sana.sy\/tr\/wp-content\/uploads\/2016\/04\/Haseke-\u0130\u015f\u00e7ileri-ve-Halk\u0131-Duyarl\u0131-Adaylar\u0131n-Se\u00e7ilmesi-\u00d6nemi-Belirtiyor-3.jpg'><img loading=\"lazy\" decoding=\"async\" width=\"150\" height=\"91\" src=\"https:\/\/archive.sana.sy\/tr\/wp-content\/uploads\/2016\/04\/Haseke-\u0130\u015f\u00e7ileri-ve-Halk\u0131-Duyarl\u0131-Adaylar\u0131n-Se\u00e7ilmesi-\u00d6nemi-Belirtiyor-3-150x91.jpg\" class=\"attachment-thumbnail size-thumbnail\" alt=\"\" srcset=\"https:\/\/archive.sana.sy\/tr\/wp-content\/uploads\/2016\/04\/Haseke-\u0130\u015f\u00e7ileri-ve-Halk\u0131-Duyarl\u0131-Adaylar\u0131n-Se\u00e7ilmesi-\u00d6nemi-Belirtiyor-3-150x91.jpg 150w, https:\/\/archive.sana.sy\/tr\/wp-content\/uploads\/2016\/04\/Haseke-\u0130\u015f\u00e7ileri-ve-Halk\u0131-Duyarl\u0131-Adaylar\u0131n-Se\u00e7ilmesi-\u00d6nemi-Belirtiyor-3-300x182.jpg 300w, https:\/\/archive.sana.sy\/tr\/wp-content\/uploads\/2016\/04\/Haseke-\u0130\u015f\u00e7ileri-ve-Halk\u0131-Duyarl\u0131-Adaylar\u0131n-Se\u00e7ilmesi-\u00d6nemi-Belirtiyor-3.jpg 700w\" sizes=\"auto, (max-width: 150px) 100vw, 150px\" \/><\/a>\n\t\t\t<\/div><\/figure><figure class='gallery-item'>\n\t\t\t<div class='gallery-icon landscape'>\n\t\t\t\t<a href='https:\/\/archive.sana.sy\/tr\/wp-content\/uploads\/2016\/04\/Haseke-\u0130\u015f\u00e7ileri-ve-Halk\u0131-Duyarl\u0131-Adaylar\u0131n-Se\u00e7ilmesi-\u00d6nemi-Belirtiyor-4.jpg'><img loading=\"lazy\" decoding=\"async\" width=\"150\" height=\"97\" src=\"https:\/\/archive.sana.sy\/tr\/wp-content\/uploads\/2016\/04\/Haseke-\u0130\u015f\u00e7ileri-ve-Halk\u0131-Duyarl\u0131-Adaylar\u0131n-Se\u00e7ilmesi-\u00d6nemi-Belirtiyor-4-150x97.jpg\" class=\"attachment-thumbnail size-thumbnail\" alt=\"\" srcset=\"https:\/\/archive.sana.sy\/tr\/wp-content\/uploads\/2016\/04\/Haseke-\u0130\u015f\u00e7ileri-ve-Halk\u0131-Duyarl\u0131-Adaylar\u0131n-Se\u00e7ilmesi-\u00d6nemi-Belirtiyor-4-150x97.jpg 150w, https:\/\/archive.sana.sy\/tr\/wp-content\/uploads\/2016\/04\/Haseke-\u0130\u015f\u00e7ileri-ve-Halk\u0131-Duyarl\u0131-Adaylar\u0131n-Se\u00e7ilmesi-\u00d6nemi-Belirtiyor-4-300x194.jpg 300w, https:\/\/archive.sana.sy\/tr\/wp-content\/uploads\/2016\/04\/Haseke-\u0130\u015f\u00e7ileri-ve-Halk\u0131-Duyarl\u0131-Adaylar\u0131n-Se\u00e7ilmesi-\u00d6nemi-Belirtiyor-4.jpg 700w\" sizes=\"auto, (max-width: 150px) 100vw, 150px\" \/><\/a>\n\t\t\t<\/div><\/figure>\n\t\t<\/div>\n\n","protected":false},"excerpt":{"rendered":"<p>HASEKE \u2013 \u0130\u015f\u00e7iler Birli\u011fi Haseke \u0130l \u015eubesi bug\u00fcn \u2018Yasama Se\u00e7imleri Yeni Bir Siyasi Zaferdir\u2019 slogan\u0131 alt\u0131nda panel d\u00fczenledi. Panel kat\u0131l\u0131mc\u0131lar\u0131 se\u00e7imlerin anayasa \u00e7er\u00e7evesinde belirlenen tarihte yap\u0131lmas\u0131 ve bu se\u00e7imlere yo\u011fun kat\u0131l\u0131m\u0131n, vatan ve halk\u0131n\u0131 d\u0131\u015f destekli ter\u00f6re kar\u015f\u0131 koruyan Suriye ordusunun zaferlerine destek niteli\u011fi ta\u015f\u0131d\u0131\u011f\u0131na dikkat \u00e7ekti. \u0130\u015f\u00e7iler Birli\u011fi \u0130l \u015eubesinde K\u00fclt\u00fcr ve Enformasyon Sorumlusu &hellip;<\/p>\n","protected":false},"author":1,"featured_media":67777,"comment_status":"closed","ping_status":"closed","sticky":false,"template":"","format":"standard","meta":{"footnotes":""},"categories":[479,17988,478],"tags":[19547,20321,19949,19548,20322,19834],"class_list":["post-67774","post","type-post","status-publish","format-standard","has-post-thumbnail","","category-haberler-yerel","category-son-haberler","category-yerel","tag-halk-meclisi-secimleri","tag-haseke-halki","tag-milletvekili-secimleri","tag-parlamento-secimleri","tag-sivil-halk-faaliyetleri","tag-yasama-secimleri"],"_links":{"self":[{"href":"https:\/\/archive.sana.sy\/tr\/index.php?rest_route=\/wp\/v2\/posts\/67774","targetHints":{"allow":["GET"]}}],"collection":[{"href":"https:\/\/archive.sana.sy\/tr\/index.php?rest_route=\/wp\/v2\/posts"}],"about":[{"href":"https:\/\/archive.sana.sy\/tr\/index.php?rest_route=\/wp\/v2\/types\/post"}],"author":[{"embeddable":true,"href":"https:\/\/archive.sana.sy\/tr\/index.php?rest_route=\/wp\/v2\/users\/1"}],"replies":[{"embeddable":true,"href":"https:\/\/archive.sana.sy\/tr\/index.php?rest_route=%2Fwp%2Fv2%2Fcomments&post=67774"}],"version-history":[{"count":0,"href":"https:\/\/archive.sana.sy\/tr\/index.php?rest_route=\/wp\/v2\/posts\/67774\/revisions"}],"wp:featuredmedia":[{"embeddable":true,"href":"https:\/\/archive.sana.sy\/tr\/index.php?rest_route=\/wp\/v2\/media\/67777"}],"wp:attachment":[{"href":"https:\/\/archive.sana.sy\/tr\/index.php?rest_route=%2Fwp%2Fv2%2Fmedia&parent=67774"}],"wp:term":[{"taxonomy":"category","embeddable":true,"href":"https:\/\/archive.sana.sy\/tr\/index.php?rest_route=%2Fwp%2Fv2%2Fcategories&post=67774"},{"taxonomy":"post_tag","embeddable":true,"href":"https:\/\/archive.sana.sy\/tr\/index.php?rest_route=%2Fwp%2Fv2%2Ftags&post=67774"}],"curies":[{"name":"wp","href":"https:\/\/api.w.org\/{rel}","templated":true}]}}