{"id":67786,"date":"2016-04-05T16:31:12","date_gmt":"2016-04-05T13:31:12","guid":{"rendered":"http:\/\/www.sana.sy\/tr\/?p=67786"},"modified":"2016-04-06T18:48:37","modified_gmt":"2016-04-06T15:48:37","slug":"sam-icin-1458-diger-iller-icin-de-540-merkez-belirlendi","status":"publish","type":"post","link":"https:\/\/archive.sana.sy\/tr\/?p=67786","title":{"rendered":"\u015eam \u0130\u00e7in 1458, Di\u011fer \u0130ller \u0130\u00e7in de 540 Merkez Belirlendi"},"content":{"rendered":"<p>\u015eAM \u2013 13 Nisan\u2019da yap\u0131lmas\u0131 beklenen Halk Meclisi se\u00e7imlerine haz\u0131rl\u0131k \u00e7er\u00e7evesinde \u015eam Valili\u011fi bug\u00fcn Se\u00e7im Komisyonu \u015eam Yan komitesi ile i\u015fbirli\u011fi i\u00e7inde \u015eam i\u00e7in 1468 se\u00e7im merkezi belirlerken, di\u011fer illerden gelen vatanda\u015flar\u0131n kendi il milletvekillerini se\u00e7ecekleri 540 se\u00e7im merkezi belirledi.<\/p>\n<p>Se\u00e7im Yan Komitesi Ba\u015fkan\u0131 Yarg\u0131\u00e7 \u0130rfan el Ades; Halep ve k\u0131rsal\u0131n\u0131n yan\u0131 s\u0131ra Rakka, Deyrezzor, \u0130dlib ve Dera\u2019dan vatanda\u015flar\u0131n Halk Meclisinde kendi illerini temsil edecek milletvekillerini se\u00e7meleri i\u00e7in \u015eam\u2019da kendilerine has olarak haz\u0131rlanan 540 se\u00e7im merkezinde se\u00e7imlere kat\u0131lacaklar\u0131na ifade etti.<\/p>\n<p>Di\u011fer yandan Ades yan komitenin \u015fu ana dek milletvekili adayl\u0131\u011f\u0131ndan \u00e7ekilmek isteyen dilek\u00e7elerin %95\u2019ini inceledi\u011fini ifade ederken, adayl\u0131ktan \u00e7ekilme ba\u015fvurular\u0131n\u0131n yap\u0131lmas\u0131 i\u00e7in belirlenen s\u00fcrenin 6 Nisan yar\u0131n sona erece\u011fine dikkat \u00e7ekti.<\/p>\n<p>Milletvekili adaylar\u0131n\u0131 se\u00e7im hamlelerinde anayasa ve se\u00e7im kanununa ba\u011fl\u0131 kalmalar\u0131na \u00e7a\u011f\u0131ran Ades; se\u00e7imlerin uygun bir \u015fekilde icra edilmesi i\u00e7in gereken haz\u0131rl\u0131klar\u0131n yo\u011fun bir \u015fekilde devam etti\u011fini belirtti.<\/p>\n<p>Bu arada daha \u00f6nce benzeri g\u00f6r\u00fclmemi\u015f y\u00fcksek bir say\u0131ya ula\u015fan milletvekili adaylar\u0131 anayasa gere\u011fince se\u00e7imden 24 saat \u00f6nce se\u00e7im hamlelerini sonland\u0131rmadan \u00f6nce yo\u011fun \u00e7al\u0131\u015fmalar\u0131n\u0131 s\u00fcrd\u00fcr\u00fcyorlar.<\/p>\n","protected":false},"excerpt":{"rendered":"<p>\u015eAM \u2013 13 Nisan\u2019da yap\u0131lmas\u0131 beklenen Halk Meclisi se\u00e7imlerine haz\u0131rl\u0131k \u00e7er\u00e7evesinde \u015eam Valili\u011fi bug\u00fcn Se\u00e7im Komisyonu \u015eam Yan komitesi ile i\u015fbirli\u011fi i\u00e7inde \u015eam i\u00e7in 1468 se\u00e7im merkezi belirlerken, di\u011fer illerden gelen vatanda\u015flar\u0131n kendi il milletvekillerini se\u00e7ecekleri 540 se\u00e7im merkezi belirledi. Se\u00e7im Yan Komitesi Ba\u015fkan\u0131 Yarg\u0131\u00e7 \u0130rfan el Ades; Halep ve k\u0131rsal\u0131n\u0131n yan\u0131 s\u0131ra Rakka, Deyrezzor, &hellip;<\/p>\n","protected":false},"author":1,"featured_media":67787,"comment_status":"closed","ping_status":"closed","sticky":false,"template":"","format":"standard","meta":{"footnotes":""},"categories":[479,17988,478],"tags":[16838,19688,19949,19548,20324,20326,20325],"class_list":["post-67786","post","type-post","status-publish","format-standard","has-post-thumbnail","","category-haberler-yerel","category-son-haberler","category-yerel","tag-halk-meclisi","tag-milletvekili-adaylari","tag-milletvekili-secimleri","tag-parlamento-secimleri","tag-secim-hamlesi","tag-secim-komitesi","tag-secim-merkezi"],"_links":{"self":[{"href":"https:\/\/archive.sana.sy\/tr\/index.php?rest_route=\/wp\/v2\/posts\/67786","targetHints":{"allow":["GET"]}}],"collection":[{"href":"https:\/\/archive.sana.sy\/tr\/index.php?rest_route=\/wp\/v2\/posts"}],"about":[{"href":"https:\/\/archive.sana.sy\/tr\/index.php?rest_route=\/wp\/v2\/types\/post"}],"author":[{"embeddable":true,"href":"https:\/\/archive.sana.sy\/tr\/index.php?rest_route=\/wp\/v2\/users\/1"}],"replies":[{"embeddable":true,"href":"https:\/\/archive.sana.sy\/tr\/index.php?rest_route=%2Fwp%2Fv2%2Fcomments&post=67786"}],"version-history":[{"count":0,"href":"https:\/\/archive.sana.sy\/tr\/index.php?rest_route=\/wp\/v2\/posts\/67786\/revisions"}],"wp:featuredmedia":[{"embeddable":true,"href":"https:\/\/archive.sana.sy\/tr\/index.php?rest_route=\/wp\/v2\/media\/67787"}],"wp:attachment":[{"href":"https:\/\/archive.sana.sy\/tr\/index.php?rest_route=%2Fwp%2Fv2%2Fmedia&parent=67786"}],"wp:term":[{"taxonomy":"category","embeddable":true,"href":"https:\/\/archive.sana.sy\/tr\/index.php?rest_route=%2Fwp%2Fv2%2Fcategories&post=67786"},{"taxonomy":"post_tag","embeddable":true,"href":"https:\/\/archive.sana.sy\/tr\/index.php?rest_route=%2Fwp%2Fv2%2Ftags&post=67786"}],"curies":[{"name":"wp","href":"https:\/\/api.w.org\/{rel}","templated":true}]}}