{"id":67788,"date":"2016-04-05T16:40:50","date_gmt":"2016-04-05T13:40:50","guid":{"rendered":"http:\/\/sana.sy\/tr\/?p=67788"},"modified":"2016-04-06T16:50:12","modified_gmt":"2016-04-06T13:50:12","slug":"agir-kayiplarini-telafi-etmeye-calisan-teroristler-daha-cok-kayip-veriyor","status":"publish","type":"post","link":"https:\/\/archive.sana.sy\/tr\/?p=67788","title":{"rendered":"A\u011f\u0131r Kay\u0131plar\u0131n\u0131 Telafi Etmeye \u00c7al\u0131\u015fan Ter\u00f6ristler Daha \u00c7ok Kay\u0131p Veriyor"},"content":{"rendered":"<p>\u0130LLER \u2013 Ordu birliklerimizin a\u011f\u0131r darbeleri alt\u0131nda verdikleri b\u00fcy\u00fck kay\u0131plar\u0131 telafi etmeye \u00e7al\u0131\u015fan tekfirci ve vatan haini ter\u00f6ristler el ele olup bu kay\u0131plar\u0131n\u0131 telafi etmeye \u00e7al\u0131\u015f\u0131rlarken, i\u00e7ine d\u00fc\u015ft\u00fckleri \u015fok ve panikle daha \u00e7ok kay\u0131p veriyor.<\/p>\n<p><span style=\"color: #0000ff\">HOMS:<\/span><\/p>\n<p>Askeri bir kaynak SANA\u2019ya a\u00e7\u0131klamas\u0131nda; hava g\u00fc\u00e7lerimizin Homs \u0130line tabi Tedmur k\u0131rsal\u0131 3. \u0130stasyonun do\u011fusunda I\u015e\u0130D\u2019in a\u011f\u0131r makineli silahlarla donat\u0131lm\u0131\u015f en az 20 arac\u0131n\u0131 y\u00fckleriyle birlikte tamamen imha ettiklerini beyan etti. Buna e\u015f zamanl\u0131 olarak Tedmur Kentinin yakla\u015f\u0131k 31 km kuzeydo\u011fusuna d\u00fc\u015fen Baseyri, Do\u011fu Savvane, Hneyfis ve Arak b\u00f6lgelerinde hava g\u00fc\u00e7lerimizin I\u015e\u0130D\u2019in toplanma yerleri ve mevkilerini yo\u011fun ate\u015fe tutuklar\u0131n\u0131 belirten kaynak; tekfircileri say\u0131 ve te\u00e7hizatlar\u0131yla a\u011f\u0131r kay\u0131plara u\u011fratt\u0131klar\u0131n\u0131 aktard\u0131.<\/p>\n<p>Kaynak; Homs k\u0131rsal\u0131n\u0131n g\u00fcneydo\u011fusu Karyeteyn Kentinin do\u011fusunda da hava g\u00fc\u00e7lerimizin I\u015e\u0130D ter\u00f6r \u00f6rg\u00fct\u00fcne tabi komuta karargahlar\u0131n\u0131n yan\u0131 s\u0131ra hareket eksenlerini hedef almalar\u0131yla \u00e7ok say\u0131da ter\u00f6risti \u00f6l\u00fc ve yaral\u0131 d\u00fc\u015f\u00fcrd\u00fcklerini s\u00f6zlerine ekledi.<\/p>\n<p>Hava g\u00fc\u00e7lerimizin Homs Kentinin yakla\u015f\u0131k 73 km do\u011fusuna d\u00fc\u015fen Cub el Cerrah Nahiyesine tabi Unk el Hava, \u015eendahiye, Um el Riy\u015f ve Um Sahric k\u00f6ylerinde I\u015e\u0130D\u2019in siper ve toplanma merkezlerine y\u00f6nelik operasyonlar ger\u00e7ekle\u015ftirdiklerini aktaran kaynak; bir\u00e7ok ter\u00f6risti \u00f6ld\u00fcr\u00fcp bir k\u0131sm\u0131 a\u011f\u0131r makineli silahlarla donat\u0131lm\u0131\u015f ara\u00e7lar\u0131n\u0131 yok ettiklerini belirtti.<\/p>\n<p>Kaynak; Homs Kentinin yakla\u015f\u0131k 13 km kuzeyine d\u00fc\u015fen Telbise Nahiyesine tabi Deyr Fol K\u00f6y\u00fcn\u00fcn civar\u0131nda da hava g\u00fc\u00e7lerimizin \u2018Ahrar el \u015eam \u0130slami Hareketi\u2019nin komuta karargahlar\u0131na kar\u015f\u0131 hava operasyonlar\u0131nda \u00e7ok say\u0131da ter\u00f6risti su\u00e7 edatlar\u0131yla birlikte etkisizle\u015ftirdiklerini s\u00f6yledi.<\/p>\n<p><span style=\"color: #0000ff\">DEYREZZOR:<\/span><\/p>\n<p>\u00d6te yandan saha kaynaklar\u0131 SANA\u2019ya a\u00e7\u0131klamalar\u0131nda; hava g\u00fc\u00e7lerimizin Deyrezzor k\u0131rsal\u0131 Cafra ve B\u011fayliye k\u00f6ylerine ilaveten Deyrezzor Havaliman\u0131n \u00e7evresinde I\u015e\u0130D\u2019in hareket ve sald\u0131r\u0131 eksenlerini hedef ald\u0131klar\u0131n\u0131 beyan etti. Kaynaklar; operasyonlarda bir\u00e7ok ter\u00f6ristin \u00f6l\u00fc ve yaral\u0131 d\u00fc\u015f\u00fcr\u00fcl\u00fcp karargahlar\u0131 ve a\u011f\u0131r makineli silahlarla donat\u0131lm\u0131\u015f ara\u00e7lar\u0131n\u0131n imha edildi\u011fine dikkat \u00e7ekti.<\/p>\n<p><span style=\"color: #0000ff\">RAKKA:<\/span><\/p>\n<p>Bu arada Rakka Kentinin yakla\u015f\u0131k 55 km g\u00fcneybat\u0131s\u0131na d\u00fc\u015fen Tabaka Havaliman\u0131nda hava g\u00fc\u00e7lerimiz I\u015e\u0130D\u2019in siper ve mevkilerini hedef alarak ter\u00f6rist ve cephane ta\u015f\u0131yan a\u011f\u0131r makineli silahla donat\u0131lm\u0131\u015f bir arac\u0131 imha etti.<\/p>\n<p><span style=\"color: #0000ff\">S\u00dcVEYDA:<\/span><\/p>\n<p>S\u00fcveyda k\u0131rsal\u0131n\u0131n kuzeyi E\u015fhayib ve Zafla tepelerinde de ordu birliklerimizin I\u015e\u0130D\u2019in toplanma yerlerini yo\u011fun ate\u015fe tutuklar\u0131n\u0131 belirten askeri kaynak; havan topunun monte edildi\u011fi bir arac\u0131 tamamen yok ettiklerine a\u00e7\u0131klad\u0131.<\/p>\n","protected":false},"excerpt":{"rendered":"<p>\u0130LLER \u2013 Ordu birliklerimizin a\u011f\u0131r darbeleri alt\u0131nda verdikleri b\u00fcy\u00fck kay\u0131plar\u0131 telafi etmeye \u00e7al\u0131\u015fan tekfirci ve vatan haini ter\u00f6ristler el ele olup bu kay\u0131plar\u0131n\u0131 telafi etmeye \u00e7al\u0131\u015f\u0131rlarken, i\u00e7ine d\u00fc\u015ft\u00fckleri \u015fok ve panikle daha \u00e7ok kay\u0131p veriyor. HOMS: Askeri bir kaynak SANA\u2019ya a\u00e7\u0131klamas\u0131nda; hava g\u00fc\u00e7lerimizin Homs \u0130line tabi Tedmur k\u0131rsal\u0131 3. \u0130stasyonun do\u011fusunda I\u015e\u0130D\u2019in a\u011f\u0131r makineli silahlarla &hellip;<\/p>\n","protected":false},"author":1,"featured_media":67792,"comment_status":"closed","ping_status":"closed","sticky":false,"template":"","format":"standard","meta":{"footnotes":""},"categories":[575],"tags":[],"class_list":["post-67788","post","type-post","status-publish","format-standard","has-post-thumbnail","","category-olaylar-ve-gercekler"],"_links":{"self":[{"href":"https:\/\/archive.sana.sy\/tr\/index.php?rest_route=\/wp\/v2\/posts\/67788","targetHints":{"allow":["GET"]}}],"collection":[{"href":"https:\/\/archive.sana.sy\/tr\/index.php?rest_route=\/wp\/v2\/posts"}],"about":[{"href":"https:\/\/archive.sana.sy\/tr\/index.php?rest_route=\/wp\/v2\/types\/post"}],"author":[{"embeddable":true,"href":"https:\/\/archive.sana.sy\/tr\/index.php?rest_route=\/wp\/v2\/users\/1"}],"replies":[{"embeddable":true,"href":"https:\/\/archive.sana.sy\/tr\/index.php?rest_route=%2Fwp%2Fv2%2Fcomments&post=67788"}],"version-history":[{"count":0,"href":"https:\/\/archive.sana.sy\/tr\/index.php?rest_route=\/wp\/v2\/posts\/67788\/revisions"}],"wp:featuredmedia":[{"embeddable":true,"href":"https:\/\/archive.sana.sy\/tr\/index.php?rest_route=\/wp\/v2\/media\/67792"}],"wp:attachment":[{"href":"https:\/\/archive.sana.sy\/tr\/index.php?rest_route=%2Fwp%2Fv2%2Fmedia&parent=67788"}],"wp:term":[{"taxonomy":"category","embeddable":true,"href":"https:\/\/archive.sana.sy\/tr\/index.php?rest_route=%2Fwp%2Fv2%2Fcategories&post=67788"},{"taxonomy":"post_tag","embeddable":true,"href":"https:\/\/archive.sana.sy\/tr\/index.php?rest_route=%2Fwp%2Fv2%2Ftags&post=67788"}],"curies":[{"name":"wp","href":"https:\/\/api.w.org\/{rel}","templated":true}]}}