{"id":6780,"date":"2014-08-08T14:24:33","date_gmt":"2014-08-08T11:24:33","guid":{"rendered":"http:\/\/www.sana.sy\/tr\/?p=6780"},"modified":"2014-08-08T19:24:44","modified_gmt":"2014-08-08T16:24:44","slug":"hamdan-suriye-ve-lubnan-ordulari-arasinda-koordinasyon-olusturulmalidir","status":"publish","type":"post","link":"https:\/\/archive.sana.sy\/tr\/?p=6780","title":{"rendered":"Hamdan: Suriye ve L\u00fcbnan Ordular\u0131 Aras\u0131nda Koordinasyon Olu\u015fturulmal\u0131d\u0131r"},"content":{"rendered":"<p>BEYRUT \u2013 Ba\u011f\u0131ms\u0131z Nasiriler Hareketi Y\u00f6netim Kurulu Sekreteri Mustafa Hamdan, Suriye Arap Ordusu ile L\u00fcbnan Ordusu aras\u0131nda ter\u00f6rle m\u00fccadele alan\u0131nda koordinasyon ve birlik olu\u015fturulmas\u0131 \u00e7a\u011fr\u0131s\u0131nda bulundu.<\/p>\n<p>L\u00fcbnan\u2019da Caferi M\u00fcft\u00fcs\u00fc Ahmet Kablan ile bir araya gelen Hamdan; ABD B\u00fcy\u00fckel\u00e7ili\u011finde bulunan operasyon odas\u0131nda al\u0131nan kararlara itaat eden kimi taraflar\u0131n uluslararas\u0131 g\u00fc\u00e7lerin L\u00fcbnan\u2019daki faaliyet \u00e7emberini geni\u015fletmeleri y\u00f6n\u00fcndeki s\u00f6ylemlerine kar\u015f\u0131 dikkatli olmak gerekti\u011fini beyan etti.<\/p>\n<p>Hamdan bu y\u00f6ndeki a\u00e7\u0131klamalar\u0131n i\u015fgalci \u0130srail\u2019in \u00e7\u0131karlar\u0131na hizmet edece\u011finin alt\u0131n\u0131 \u00e7izdi.<\/p>\n","protected":false},"excerpt":{"rendered":"<p>BEYRUT \u2013 Ba\u011f\u0131ms\u0131z Nasiriler Hareketi Y\u00f6netim Kurulu Sekreteri Mustafa Hamdan, Suriye Arap Ordusu ile L\u00fcbnan Ordusu aras\u0131nda ter\u00f6rle m\u00fccadele alan\u0131nda koordinasyon ve birlik olu\u015fturulmas\u0131 \u00e7a\u011fr\u0131s\u0131nda bulundu. L\u00fcbnan\u2019da Caferi M\u00fcft\u00fcs\u00fc Ahmet Kablan ile bir araya gelen Hamdan; ABD B\u00fcy\u00fckel\u00e7ili\u011finde bulunan operasyon odas\u0131nda al\u0131nan kararlara itaat eden kimi taraflar\u0131n uluslararas\u0131 g\u00fc\u00e7lerin L\u00fcbnan\u2019daki faaliyet \u00e7emberini geni\u015fletmeleri y\u00f6n\u00fcndeki s\u00f6ylemlerine &hellip;<\/p>\n","protected":false},"author":1,"featured_media":6781,"comment_status":"closed","ping_status":"closed","sticky":false,"template":"","format":"standard","meta":{"footnotes":""},"categories":[458,459,447,584],"tags":[1520],"class_list":["post-6780","post","type-post","status-publish","format-standard","has-post-thumbnail","","category-dunya1","category-haberler-arap-uluslararasi-politika","category-politika","category-yurtdisinda-sana-ofisleri","tag-hamdan-suriye-ve-lubnan-ordulari-arasinda-koordinasyon-olusturulmalidir"],"_links":{"self":[{"href":"https:\/\/archive.sana.sy\/tr\/index.php?rest_route=\/wp\/v2\/posts\/6780","targetHints":{"allow":["GET"]}}],"collection":[{"href":"https:\/\/archive.sana.sy\/tr\/index.php?rest_route=\/wp\/v2\/posts"}],"about":[{"href":"https:\/\/archive.sana.sy\/tr\/index.php?rest_route=\/wp\/v2\/types\/post"}],"author":[{"embeddable":true,"href":"https:\/\/archive.sana.sy\/tr\/index.php?rest_route=\/wp\/v2\/users\/1"}],"replies":[{"embeddable":true,"href":"https:\/\/archive.sana.sy\/tr\/index.php?rest_route=%2Fwp%2Fv2%2Fcomments&post=6780"}],"version-history":[{"count":0,"href":"https:\/\/archive.sana.sy\/tr\/index.php?rest_route=\/wp\/v2\/posts\/6780\/revisions"}],"wp:featuredmedia":[{"embeddable":true,"href":"https:\/\/archive.sana.sy\/tr\/index.php?rest_route=\/wp\/v2\/media\/6781"}],"wp:attachment":[{"href":"https:\/\/archive.sana.sy\/tr\/index.php?rest_route=%2Fwp%2Fv2%2Fmedia&parent=6780"}],"wp:term":[{"taxonomy":"category","embeddable":true,"href":"https:\/\/archive.sana.sy\/tr\/index.php?rest_route=%2Fwp%2Fv2%2Fcategories&post=6780"},{"taxonomy":"post_tag","embeddable":true,"href":"https:\/\/archive.sana.sy\/tr\/index.php?rest_route=%2Fwp%2Fv2%2Ftags&post=6780"}],"curies":[{"name":"wp","href":"https:\/\/api.w.org\/{rel}","templated":true}]}}