{"id":67813,"date":"2016-04-05T19:35:49","date_gmt":"2016-04-05T16:35:49","guid":{"rendered":"http:\/\/www.sana.sy\/tr\/?p=67813"},"modified":"2016-04-06T18:48:31","modified_gmt":"2016-04-06T15:48:31","slug":"kamislida-teslim-olan-38-kanun-kacagi-serbest-birakildi","status":"publish","type":"post","link":"https:\/\/archive.sana.sy\/tr\/?p=67813","title":{"rendered":"Kam\u0131\u015fl\u0131\u2019da Teslim Olan 38 Kanun Ka\u00e7a\u011f\u0131 Serbest B\u0131rak\u0131ld\u0131"},"content":{"rendered":"<p>HASEKE \u2013 Haseke \u0130line tabi Kam\u0131\u015fl\u0131 Kentinde g\u00fcvenlik birimlerine teslim olmalar\u0131 ard\u0131ndan vatan g\u00fcvenli\u011fini zedeleyecek herhangi bir eyleme kat\u0131lmama taahh\u00fcd\u00fcnde bulunan 38 kanun ka\u00e7a\u011f\u0131n\u0131n kanuni durumlar\u0131 yeniden d\u00fczenlenerek serbest b\u0131rak\u0131ld\u0131lar.<\/p>\n<p><a href=\"http:\/\/www.sana.sy\/tr\/wp-content\/uploads\/2016\/04\/Kam\u0131\u015fl\u0131da-teslim-olan-1.jpg\"><img loading=\"lazy\" decoding=\"async\" class=\"alignright wp-image-67815 size-medium\" src=\"http:\/\/www.sana.sy\/tr\/wp-content\/uploads\/2016\/04\/Kam\u0131\u015fl\u0131da-teslim-olan-1-300x169.jpg\" alt=\"Kam\u0131\u015fl\u0131'da teslim olan 1\" width=\"300\" height=\"169\" srcset=\"https:\/\/archive.sana.sy\/tr\/wp-content\/uploads\/2016\/04\/Kam\u0131\u015fl\u0131da-teslim-olan-1-300x169.jpg 300w, https:\/\/archive.sana.sy\/tr\/wp-content\/uploads\/2016\/04\/Kam\u0131\u015fl\u0131da-teslim-olan-1-150x84.jpg 150w, https:\/\/archive.sana.sy\/tr\/wp-content\/uploads\/2016\/04\/Kam\u0131\u015fl\u0131da-teslim-olan-1.jpg 560w\" sizes=\"auto, (max-width: 300px) 100vw, 300px\" \/><\/a>Haseke Valisi Muhammed Zeal el Ali; Suriye&#8217;nin \u00f6zellikle bu s\u00fcre\u00e7 i\u00e7inde maruz kald\u0131\u011f\u0131 evrensel ter\u00f6r sald\u0131r\u0131s\u0131 ve d\u0131\u015f dayatmalara dikkat \u00e7ekerken, vatan\u0131n onu savunacak ve koruyacak t\u00fcm evlatlar\u0131na ihtiyac\u0131 oldu\u011funu belirtti. Vali Zeal kanun ka\u00e7aklar\u0131n\u0131n vatan kuca\u011f\u0131na d\u00f6nmeleri ve onurlu Suriye halk\u0131n\u0131n saflar\u0131nda yer almalar\u0131n\u0131 sa\u011flama amac\u0131yla sosyal faaliyetlerden etkin bir rol oynamalar\u0131n\u0131 istedi.<\/p>\n","protected":false},"excerpt":{"rendered":"<p>HASEKE \u2013 Haseke \u0130line tabi Kam\u0131\u015fl\u0131 Kentinde g\u00fcvenlik birimlerine teslim olmalar\u0131 ard\u0131ndan vatan g\u00fcvenli\u011fini zedeleyecek herhangi bir eyleme kat\u0131lmama taahh\u00fcd\u00fcnde bulunan 38 kanun ka\u00e7a\u011f\u0131n\u0131n kanuni durumlar\u0131 yeniden d\u00fczenlenerek serbest b\u0131rak\u0131ld\u0131lar. Haseke Valisi Muhammed Zeal el Ali; Suriye&#8217;nin \u00f6zellikle bu s\u00fcre\u00e7 i\u00e7inde maruz kald\u0131\u011f\u0131 evrensel ter\u00f6r sald\u0131r\u0131s\u0131 ve d\u0131\u015f dayatmalara dikkat \u00e7ekerken, vatan\u0131n onu savunacak ve &hellip;<\/p>\n","protected":false},"author":1,"featured_media":67814,"comment_status":"closed","ping_status":"closed","sticky":false,"template":"","format":"standard","meta":{"footnotes":""},"categories":[479,575,17988,478],"tags":[],"class_list":["post-67813","post","type-post","status-publish","format-standard","has-post-thumbnail","","category-haberler-yerel","category-olaylar-ve-gercekler","category-son-haberler","category-yerel"],"_links":{"self":[{"href":"https:\/\/archive.sana.sy\/tr\/index.php?rest_route=\/wp\/v2\/posts\/67813","targetHints":{"allow":["GET"]}}],"collection":[{"href":"https:\/\/archive.sana.sy\/tr\/index.php?rest_route=\/wp\/v2\/posts"}],"about":[{"href":"https:\/\/archive.sana.sy\/tr\/index.php?rest_route=\/wp\/v2\/types\/post"}],"author":[{"embeddable":true,"href":"https:\/\/archive.sana.sy\/tr\/index.php?rest_route=\/wp\/v2\/users\/1"}],"replies":[{"embeddable":true,"href":"https:\/\/archive.sana.sy\/tr\/index.php?rest_route=%2Fwp%2Fv2%2Fcomments&post=67813"}],"version-history":[{"count":0,"href":"https:\/\/archive.sana.sy\/tr\/index.php?rest_route=\/wp\/v2\/posts\/67813\/revisions"}],"wp:featuredmedia":[{"embeddable":true,"href":"https:\/\/archive.sana.sy\/tr\/index.php?rest_route=\/wp\/v2\/media\/67814"}],"wp:attachment":[{"href":"https:\/\/archive.sana.sy\/tr\/index.php?rest_route=%2Fwp%2Fv2%2Fmedia&parent=67813"}],"wp:term":[{"taxonomy":"category","embeddable":true,"href":"https:\/\/archive.sana.sy\/tr\/index.php?rest_route=%2Fwp%2Fv2%2Fcategories&post=67813"},{"taxonomy":"post_tag","embeddable":true,"href":"https:\/\/archive.sana.sy\/tr\/index.php?rest_route=%2Fwp%2Fv2%2Ftags&post=67813"}],"curies":[{"name":"wp","href":"https:\/\/api.w.org\/{rel}","templated":true}]}}