{"id":67818,"date":"2016-04-05T20:31:19","date_gmt":"2016-04-05T17:31:19","guid":{"rendered":"http:\/\/sana.sy\/tr\/?p=67818"},"modified":"2016-04-05T20:31:19","modified_gmt":"2016-04-05T17:31:19","slug":"rusya-disisleri-bakani-sergey-lavrov-bm-genel-sekreterinin-suriye-ozel-temsilcisi-staffan-de-mistura-ile-moskovada-bulundugu-temaslarda-rusya-ve-abdnin-suriyeliler-arasindaki-diyalog-gorus","status":"publish","type":"post","link":"https:\/\/archive.sana.sy\/tr\/?p=67818","title":{"rendered":"Rusya D\u0131\u015fi\u015fleri Bakan\u0131 Sergey Lavrov BM genel sekreterinin Suriye \u00f6zel temsilcisi Staffan de Mistura ile Moskova&#8217;da bulundu\u011fu temaslarda; Rusya ve ABD\u2019nin Suriyeliler aras\u0131ndaki diyalog g\u00f6r\u00fc\u015fmelerini desteklemeye ba\u011fl\u0131 olduklar\u0131n\u0131 belirtti"},"content":{"rendered":"<p>Rusya D\u0131\u015fi\u015fleri Bakan\u0131 Sergey Lavrov BM genel sekreterinin Suriye \u00f6zel temsilcisi Staffan de Mistura ile Moskova&#8217;da bulundu\u011fu temaslarda; Rusya ve ABD\u2019nin Suriyeliler aras\u0131ndaki diyalog g\u00f6r\u00fc\u015fmelerini desteklemeye ba\u011fl\u0131 olduklar\u0131n\u0131 belirtti<\/p>\n","protected":false},"excerpt":{"rendered":"<p>Rusya D\u0131\u015fi\u015fleri Bakan\u0131 Sergey Lavrov BM genel sekreterinin Suriye \u00f6zel temsilcisi Staffan de Mistura ile Moskova&#8217;da bulundu\u011fu temaslarda; Rusya ve ABD\u2019nin Suriyeliler aras\u0131ndaki diyalog g\u00f6r\u00fc\u015fmelerini desteklemeye ba\u011fl\u0131 olduklar\u0131n\u0131 belirtti<\/p>\n","protected":false},"author":1,"featured_media":0,"comment_status":"closed","ping_status":"closed","sticky":false,"template":"","format":"standard","meta":{"footnotes":""},"categories":[17991],"tags":[],"class_list":["post-67818","post","type-post","status-publish","format-standard","","category-son-dakika"],"_links":{"self":[{"href":"https:\/\/archive.sana.sy\/tr\/index.php?rest_route=\/wp\/v2\/posts\/67818","targetHints":{"allow":["GET"]}}],"collection":[{"href":"https:\/\/archive.sana.sy\/tr\/index.php?rest_route=\/wp\/v2\/posts"}],"about":[{"href":"https:\/\/archive.sana.sy\/tr\/index.php?rest_route=\/wp\/v2\/types\/post"}],"author":[{"embeddable":true,"href":"https:\/\/archive.sana.sy\/tr\/index.php?rest_route=\/wp\/v2\/users\/1"}],"replies":[{"embeddable":true,"href":"https:\/\/archive.sana.sy\/tr\/index.php?rest_route=%2Fwp%2Fv2%2Fcomments&post=67818"}],"version-history":[{"count":0,"href":"https:\/\/archive.sana.sy\/tr\/index.php?rest_route=\/wp\/v2\/posts\/67818\/revisions"}],"wp:attachment":[{"href":"https:\/\/archive.sana.sy\/tr\/index.php?rest_route=%2Fwp%2Fv2%2Fmedia&parent=67818"}],"wp:term":[{"taxonomy":"category","embeddable":true,"href":"https:\/\/archive.sana.sy\/tr\/index.php?rest_route=%2Fwp%2Fv2%2Fcategories&post=67818"},{"taxonomy":"post_tag","embeddable":true,"href":"https:\/\/archive.sana.sy\/tr\/index.php?rest_route=%2Fwp%2Fv2%2Ftags&post=67818"}],"curies":[{"name":"wp","href":"https:\/\/api.w.org\/{rel}","templated":true}]}}