{"id":67820,"date":"2016-04-05T21:45:55","date_gmt":"2016-04-05T18:45:55","guid":{"rendered":"http:\/\/sana.sy\/tr\/?p=67820"},"modified":"2016-04-06T18:48:18","modified_gmt":"2016-04-06T15:48:18","slug":"bmgk-teroru-destekleyen-devletlere-karsi-caydirici-icraatlar-almalidir","status":"publish","type":"post","link":"https:\/\/archive.sana.sy\/tr\/?p=67820","title":{"rendered":"BMGK\u2019 Ter\u00f6r\u00fc Destekleyen Devletlere Kar\u015f\u0131 Cayd\u0131r\u0131c\u0131 \u0130craatlar Almal\u0131d\u0131r"},"content":{"rendered":"<p>\u015eAM \u2013 D\u0131\u015fi\u015fleri ve Gurbet\u00e7iler Bakanl\u0131\u011f\u0131; silahl\u0131 ter\u00f6r \u00f6rg\u00fctlerin muhtelif illerde g\u00fcvenli yerle\u015fim b\u00f6lgelerine y\u00f6nelik geli\u015fig\u00fczel f\u00fcze ve roket sald\u0131r\u0131lar\u0131n\u0131n bu ter\u00f6r \u00f6rg\u00fctlerin \u00e7at\u0131\u015fmalar\u0131 durdurma anla\u015fmas\u0131n\u0131 sabote etme ama\u00e7l\u0131 \u00f6ld\u00fcrme ve y\u0131k\u0131 eylemlerinin devam\u0131ndan ba\u015fka bir \u015fey olmad\u0131\u011f\u0131n\u0131 belirtti.<\/p>\n<p>Bakanl\u0131k bug\u00fcn BM genel sekreteri ve BMGK ba\u015fkan\u0131na g\u00f6nderdi\u011fi iki e\u015f resmi mektubunda; T\u00fcrkiye&#8217;deki operasyon odalar\u0131ndan y\u00f6netilen ve kimilerinin \u2018\u0131l\u0131ml\u0131 silahl\u0131 muhalifler\u2019 olarak adland\u0131rmak istedikleri \u2018Kuzey Cephesi, \u2018Ahrar el \u015eam \u0130slami Hareketi\u2019, \u2018Fetih Ordusu\u2019 ve Kaide \u00d6rg\u00fct\u00fcn\u00fcn Suriye kolu Nusra Cephesinin Halep\u2019te siperlendikleri b\u00f6lgelerden civarda bulunan sivil yerle\u015fim alanlar\u0131na onlarca f\u00fcze ve havan roketiyle sald\u0131rd\u0131klar\u0131na dikkat \u00e7ekti. Hain ve korkak geli\u015fig\u00fczel sald\u0131r\u0131lar\u0131n m\u00fcmk\u00fcn oldu\u011funca y\u00fcksek say\u0131da masum sivil insan\u0131 katletme amac\u0131yla ter\u00f6ristlerin insanlar\u0131n yo\u011fun olduklar\u0131 b\u00f6lgeleri ve zaman\u0131 se\u00e7tiklerine i\u015faret eden bakanl\u0131k, bu sald\u0131r\u0131larda ilk verilere g\u00f6re 15 vatanda\u015f\u0131n \u015fehit, 100\u2019\u00fcn \u00fcst\u00fcnde vatanda\u015f\u0131n da yaral\u0131 d\u00fc\u015ft\u00fcklerini vurgulad\u0131. Bakanl\u0131k \u015fehit ve yaral\u0131lar\u0131n aras\u0131nda \u00e7ok say\u0131da kad\u0131n ve \u00e7ocuklar\u0131n da bulundu\u011funu ifade ederken, ayn\u0131 zamanda bir k\u0131s\u0131m yerle\u015fim binalar\u0131n\u0131n y\u0131k\u0131ld\u0131\u011f\u0131n\u0131 kaydetti. Ter\u00f6r sald\u0131r\u0131lar\u0131n\u0131n kurbanlar\u0131n\u0131 enkaz alt\u0131ndan \u00e7\u0131karma \u00e7al\u0131\u015fmalar\u0131n\u0131n devam etti\u011fine i\u015faret eden Bakanl\u0131k; sivillerle ait ev, i\u015fyerleri ve ara\u00e7larda meydana gelen b\u00fcy\u00fck hasara da dikkat \u00e7ekti.<\/p>\n<p>Nusra Cephesi ve daha ba\u015fka ter\u00f6r \u00f6rg\u00fctlerin d\u00fcn de Halep Kentinin muhtelif yerle\u015fim alanlar\u0131na ek olarak \u0130dlib k\u0131rsal\u0131 Fua ve Kefrayya beldelerinde sivil vatanda\u015flar\u0131 geli\u015fig\u00fczel f\u00fcze sald\u0131r\u0131lar\u0131yla hedef ald\u0131klar\u0131n\u0131 belirten bakanl\u0131k, bu sald\u0131r\u0131larda da yine aralar\u0131nda \u00e7ocuk ve kad\u0131nlar\u0131n bulundu\u011fu \u00e7ok say\u0131da vatanda\u015f\u0131n \u015fehit ve yaral\u0131 d\u00fc\u015ft\u00fcklerini ifade etti. Bakanl\u0131k I\u015e\u0130D ve destek\u00e7ilerinin ise Deyrezzor\u2019da sivil b\u00f6lgelere bulunduklar\u0131 geli\u015fig\u00fczel f\u00fcze sald\u0131r\u0131lar\u0131nda 5 sivilin \u015fehit, onlarcas\u0131n\u0131n da yaral\u0131 d\u00fc\u015ft\u00fcklerine dikkat \u00e7ekti. I\u015e\u0130D\u2019in bu sald\u0131r\u0131lara e\u015f zamanl\u0131 olarak Deyrezzor Havaliman\u0131n\u0131 hardal gaz\u0131 i\u00e7erikli kimyasal silahlarla hedef ald\u0131\u011f\u0131n\u0131 da belirten bakanl\u0131k; bu sald\u0131r\u0131 sonucunda havaalan\u0131n\u0131 savunan askerlerin bo\u011fulma halleri ge\u00e7irdiklerini ifade etti.<\/p>\n<p>Bakanl\u0131k ba\u015fka devletlerden gelen ve kimi devletlerin ter\u00f6re desteklerine \u00f6rt\u00fc temin etme amac\u0131yla \u2018\u0131l\u0131ml\u0131 muhalifler\u2019 ya da daha ba\u015fka isimler verdi\u011fi ter\u00f6ristlerin geli\u015fig\u00fczel olarak sivilleri hedef alan bu sald\u0131r\u0131lar\u0131n\u0131n \u00f6l\u00fcm ve y\u0131k\u0131m eylemlerini s\u00fcrd\u00fcrmekle birlikte \u00e7at\u0131\u015fmalar\u0131 durdurma anlamas\u0131n\u0131 sabote etmeyi ama\u00e7lad\u0131klar\u0131n\u0131n alt\u0131n\u0131 \u00e7izdi. Anla\u015fmay\u0131 sabote etmeye \u00e7al\u0131\u015fan ve ter\u00f6r \u00f6rg\u00fctlerin hangi devletlere tabi olduklar\u0131n\u0131n bilindi\u011fine de dikkat \u00e7eken bakanl\u0131k; bu ter\u00f6r \u00f6rg\u00fctleri ve onlar\u0131 destekleyen devletlerin anla\u015fmay\u0131 sabote etmenin yan\u0131 s\u0131ra ter\u00f6rle m\u00fccadeleye ili\u015fkin uluslar aras\u0131 kararlar\u0131 \u00e7arp\u0131tmaya \u00e7al\u0131\u015ft\u0131klar\u0131n\u0131 vurgulad\u0131.<\/p>\n<p>Bakanl\u0131k resmi mektubunun sonunda Suriye&#8217;nin, BMGK\u2019nin \u00e7at\u0131\u015fmalar\u0131n durdurulmas\u0131na ili\u015fkin kararlar\u0131na ba\u011fl\u0131l\u0131\u011f\u0131n\u0131 yeniden belirtirken, BMGK\u2019nin ayn\u0131 zamanda ter\u00f6re muhtelif t\u00fcr destek veren t\u00fcm devletleri bu desteklerini kesmelerine zorlama ama\u00e7l\u0131 bir dizi icraatlar almas\u0131 gere\u011fini bir kez daha vurgulad\u0131\u011f\u0131n\u0131n da alt\u0131n\u0131 \u00e7izdi.<\/p>\n","protected":false},"excerpt":{"rendered":"<p>\u015eAM \u2013 D\u0131\u015fi\u015fleri ve Gurbet\u00e7iler Bakanl\u0131\u011f\u0131; silahl\u0131 ter\u00f6r \u00f6rg\u00fctlerin muhtelif illerde g\u00fcvenli yerle\u015fim b\u00f6lgelerine y\u00f6nelik geli\u015fig\u00fczel f\u00fcze ve roket sald\u0131r\u0131lar\u0131n\u0131n bu ter\u00f6r \u00f6rg\u00fctlerin \u00e7at\u0131\u015fmalar\u0131 durdurma anla\u015fmas\u0131n\u0131 sabote etme ama\u00e7l\u0131 \u00f6ld\u00fcrme ve y\u0131k\u0131 eylemlerinin devam\u0131ndan ba\u015fka bir \u015fey olmad\u0131\u011f\u0131n\u0131 belirtti. Bakanl\u0131k bug\u00fcn BM genel sekreteri ve BMGK ba\u015fkan\u0131na g\u00f6nderdi\u011fi iki e\u015f resmi mektubunda; T\u00fcrkiye&#8217;deki operasyon odalar\u0131ndan &hellip;<\/p>\n","protected":false},"author":1,"featured_media":67821,"comment_status":"closed","ping_status":"closed","sticky":false,"template":"","format":"standard","meta":{"footnotes":""},"categories":[479,17988,478],"tags":[20327,2621,20328],"class_list":["post-67820","post","type-post","status-publish","format-standard","has-post-thumbnail","","category-haberler-yerel","category-son-haberler","category-yerel","tag-bmgk-teroru-destekleyen-devletlere-karsi-caydirici-icraatlar-almalidir","tag-disisleri-ve-gurbetciler-bakanligi","tag-turkiyedeki-operasyon-odalarindan-yonetilen"],"_links":{"self":[{"href":"https:\/\/archive.sana.sy\/tr\/index.php?rest_route=\/wp\/v2\/posts\/67820","targetHints":{"allow":["GET"]}}],"collection":[{"href":"https:\/\/archive.sana.sy\/tr\/index.php?rest_route=\/wp\/v2\/posts"}],"about":[{"href":"https:\/\/archive.sana.sy\/tr\/index.php?rest_route=\/wp\/v2\/types\/post"}],"author":[{"embeddable":true,"href":"https:\/\/archive.sana.sy\/tr\/index.php?rest_route=\/wp\/v2\/users\/1"}],"replies":[{"embeddable":true,"href":"https:\/\/archive.sana.sy\/tr\/index.php?rest_route=%2Fwp%2Fv2%2Fcomments&post=67820"}],"version-history":[{"count":0,"href":"https:\/\/archive.sana.sy\/tr\/index.php?rest_route=\/wp\/v2\/posts\/67820\/revisions"}],"wp:featuredmedia":[{"embeddable":true,"href":"https:\/\/archive.sana.sy\/tr\/index.php?rest_route=\/wp\/v2\/media\/67821"}],"wp:attachment":[{"href":"https:\/\/archive.sana.sy\/tr\/index.php?rest_route=%2Fwp%2Fv2%2Fmedia&parent=67820"}],"wp:term":[{"taxonomy":"category","embeddable":true,"href":"https:\/\/archive.sana.sy\/tr\/index.php?rest_route=%2Fwp%2Fv2%2Fcategories&post=67820"},{"taxonomy":"post_tag","embeddable":true,"href":"https:\/\/archive.sana.sy\/tr\/index.php?rest_route=%2Fwp%2Fv2%2Ftags&post=67820"}],"curies":[{"name":"wp","href":"https:\/\/api.w.org\/{rel}","templated":true}]}}