{"id":67824,"date":"2016-04-05T20:00:43","date_gmt":"2016-04-05T17:00:43","guid":{"rendered":"http:\/\/sana.sy\/tr\/?p=67824"},"modified":"2016-04-06T18:48:27","modified_gmt":"2016-04-06T15:48:27","slug":"rusya-ve-abd-gorusmeleri-desteklemeye-baglilar","status":"publish","type":"post","link":"https:\/\/archive.sana.sy\/tr\/?p=67824","title":{"rendered":"Rusya ve ABD G\u00f6r\u00fc\u015fmeleri Desteklemeye Ba\u011fl\u0131lar"},"content":{"rendered":"<p>MOSKOVA \u2013 Rusya D\u0131\u015fi\u015fleri Bakan\u0131 Sergey Lavrov BM genel sekreterinin Suriye \u00f6zel temsilcisi Staffan de Mistura ile Moskova&#8217;da bulundu\u011fu temaslarda; Rusya ve ABD\u2019nin Suriyeliler aras\u0131ndaki diyalog g\u00f6r\u00fc\u015fmelerini desteklemeye ba\u011fl\u0131 olduklar\u0131n\u0131 belirtti.<\/p>\n<p>Lavrov de Mistura ile Cenevre&#8217;de Suriyeliler aras\u0131ndaki diyalog g\u00f6r\u00fc\u015fmelerinin yeni turu i\u00e7in yap\u0131lan haz\u0131rl\u0131klar\u0131 masaya yat\u0131r\u0131p g\u00f6r\u00fc\u015f al\u0131\u015fveri\u015finde bulunduklar\u0131n\u0131 s\u00f6yledi.<\/p>\n","protected":false},"excerpt":{"rendered":"<p>MOSKOVA \u2013 Rusya D\u0131\u015fi\u015fleri Bakan\u0131 Sergey Lavrov BM genel sekreterinin Suriye \u00f6zel temsilcisi Staffan de Mistura ile Moskova&#8217;da bulundu\u011fu temaslarda; Rusya ve ABD\u2019nin Suriyeliler aras\u0131ndaki diyalog g\u00f6r\u00fc\u015fmelerini desteklemeye ba\u011fl\u0131 olduklar\u0131n\u0131 belirtti. Lavrov de Mistura ile Cenevre&#8217;de Suriyeliler aras\u0131ndaki diyalog g\u00f6r\u00fc\u015fmelerinin yeni turu i\u00e7in yap\u0131lan haz\u0131rl\u0131klar\u0131 masaya yat\u0131r\u0131p g\u00f6r\u00fc\u015f al\u0131\u015fveri\u015finde bulunduklar\u0131n\u0131 s\u00f6yledi.<\/p>\n","protected":false},"author":1,"featured_media":67825,"comment_status":"closed","ping_status":"closed","sticky":false,"template":"","format":"standard","meta":{"footnotes":""},"categories":[458,459,17988],"tags":[20329,20330],"class_list":["post-67824","post","type-post","status-publish","format-standard","has-post-thumbnail","","category-dunya1","category-haberler-arap-uluslararasi-politika","category-son-haberler","tag-rusya-ve-abd-gorusmeleri-desteklemeye-baglilar","tag-staffan-de-mistura-ile-moskovada-bulundugu-temaslarda"],"_links":{"self":[{"href":"https:\/\/archive.sana.sy\/tr\/index.php?rest_route=\/wp\/v2\/posts\/67824","targetHints":{"allow":["GET"]}}],"collection":[{"href":"https:\/\/archive.sana.sy\/tr\/index.php?rest_route=\/wp\/v2\/posts"}],"about":[{"href":"https:\/\/archive.sana.sy\/tr\/index.php?rest_route=\/wp\/v2\/types\/post"}],"author":[{"embeddable":true,"href":"https:\/\/archive.sana.sy\/tr\/index.php?rest_route=\/wp\/v2\/users\/1"}],"replies":[{"embeddable":true,"href":"https:\/\/archive.sana.sy\/tr\/index.php?rest_route=%2Fwp%2Fv2%2Fcomments&post=67824"}],"version-history":[{"count":0,"href":"https:\/\/archive.sana.sy\/tr\/index.php?rest_route=\/wp\/v2\/posts\/67824\/revisions"}],"wp:featuredmedia":[{"embeddable":true,"href":"https:\/\/archive.sana.sy\/tr\/index.php?rest_route=\/wp\/v2\/media\/67825"}],"wp:attachment":[{"href":"https:\/\/archive.sana.sy\/tr\/index.php?rest_route=%2Fwp%2Fv2%2Fmedia&parent=67824"}],"wp:term":[{"taxonomy":"category","embeddable":true,"href":"https:\/\/archive.sana.sy\/tr\/index.php?rest_route=%2Fwp%2Fv2%2Fcategories&post=67824"},{"taxonomy":"post_tag","embeddable":true,"href":"https:\/\/archive.sana.sy\/tr\/index.php?rest_route=%2Fwp%2Fv2%2Ftags&post=67824"}],"curies":[{"name":"wp","href":"https:\/\/api.w.org\/{rel}","templated":true}]}}