{"id":67827,"date":"2016-04-05T21:16:59","date_gmt":"2016-04-05T18:16:59","guid":{"rendered":"http:\/\/sana.sy\/tr\/?p=67827"},"modified":"2016-04-06T18:48:22","modified_gmt":"2016-04-06T15:48:22","slug":"cenevre-gorusmelerine-secimden-sonra-katilacagiz","status":"publish","type":"post","link":"https:\/\/archive.sana.sy\/tr\/?p=67827","title":{"rendered":"Cenevre G\u00f6r\u00fc\u015fmelerine Se\u00e7imden Sonra Kat\u0131laca\u011f\u0131z"},"content":{"rendered":"<p>\u015eAM \u2013 D\u0131\u015fi\u015fleri ve Gurbet\u00e7iler Bakan\u0131 Yard\u0131mc\u0131s\u0131 Faysal Mikdat; Suriye&#8217;nin hi\u00e7bir ko\u015ful ya da dayatma veya sald\u0131r\u0131 alt\u0131nda ulusal egemenli\u011finden, ba\u011f\u0131ms\u0131zl\u0131\u011f\u0131ndan ya da b\u00fct\u00fcnl\u00fc\u011f\u00fcnden \u00f6d\u00fcn vermesinin kesinlikle m\u00fcmk\u00fcn olmad\u0131\u011f\u0131n\u0131 vurgulad\u0131.<\/p>\n<p>Mikdat bu ak\u015fam Meyadin Televizyonu ile m\u00fclakat\u0131nda; Suriye devletinin 27 \u015eubat tarihinde y\u00fcr\u00fcrl\u00fc\u011fe giren \u00e7at\u0131\u015fmalar\u0131 durdurma anla\u015fmas\u0131na s\u0131ms\u0131k\u0131 ba\u011fl\u0131 kald\u0131\u011f\u0131na dikkat \u00e7ekerken, kimi devletlerin ter\u00f6re desteklerine siyasi \u00f6rt\u00fc temin etmek i\u00e7in muhtelif isimler verdikleri silahl\u0131 ter\u00f6r \u00f6rg\u00fctlerin bu anla\u015fmay\u0131 ilk g\u00fcnden beri ihlal ettiklerini, ihlal etmeye de devam ettiklerinin alt\u0131n\u0131 \u00e7izdi. Bu ter\u00f6ristlerin Suriyeliler aras\u0131ndaki diyalog g\u00f6r\u00fc\u015fmelerinin ba\u015flamas\u0131na yak\u0131n s\u00fcre\u00e7 i\u00e7inde sald\u0131r\u0131lar\u0131n\u0131 ve ihlallerini t\u0131rmand\u0131rd\u0131klar\u0131na dikkat \u00e7eken Mikdat; desteklerini ald\u0131klar\u0131 \u00fclkelerin ajandalar\u0131na hizmet olarak anla\u015fmay\u0131 ve Suriyeliler aras\u0131ndaki diyalog g\u00f6r\u00fc\u015fmelerini baltalamaya \u00e7al\u0131\u015ft\u0131klar\u0131na vurgu yapt\u0131.<\/p>\n<p>Suriyeliler aras\u0131ndaki diyalog g\u00f6r\u00fc\u015fmelerinin beklenen turu konusunda ise Mikdat; Suriye Arap Cumhuriyetinin Be\u015f\u015far Caferi ba\u015fkanl\u0131\u011f\u0131ndaki heyeti ile bu tura 13 Nisanda yap\u0131lmas\u0131 beklenen Halk Meclisi se\u00e7imlerinden sonra kat\u0131laca\u011f\u0131n\u0131 a\u00e7\u0131klad\u0131.<\/p>\n<p>Mikdat ter\u00f6rle m\u00fccadelede Rusya ve ABD aras\u0131ndaki koordinasyonun g\u00fczel bir durum oldu\u011funa dikkat \u00e7ekerken, Suriye&#8217;nin, Rusya&#8217;n\u0131n Suriye&#8217;de sava\u015f\u0131 sonland\u0131rma y\u00f6n\u00fcndeki \u00e7abalar\u0131na mutlak bir g\u00fcven duyup onaylad\u0131\u011f\u0131n\u0131 ifade etti.<\/p>\n<p>Ba\u015fbakan Yard\u0131mc\u0131s\u0131 D\u0131\u015fi\u015fleri ve Gurbet\u00e7iler Bakan\u0131 Velid Muallim\u2019in son olarak Cezayir\u2019e bulundu\u011fu ziyaret konusunda ise Mikdat; elde edilen sonu\u00e7lar\u0131 gayet ba\u015far\u0131l\u0131 ve \u00f6nemli olarak nitelendirdi. M\u0131s\u0131r ile ili\u015fkiler konusunda da Mikdat, iki \u00fclke aras\u0131nda ter\u00f6re kar\u015f\u0131 ortak tutumlar bulundu\u011funu, ikili ili\u015fkileri de iyile\u015ftirmenin iki karde\u015f halk\u0131n \u00e7\u0131karlar\u0131na hizmet edece\u011fini s\u00f6yledi. Midat Suriye&#8217;nin tutumlar\u0131n\u0131 ve ter\u00f6rle m\u00fccadelesini \u00f6nemle takdir eden \u00e7ok say\u0131da Arap devletinin bulundu\u011funa dikkat \u00e7ekti.<\/p>\n<p>Ter\u00f6r\u00fc destekleyen bir dizi Avrupa \u00fclkesinin bulundu\u011funu ifade eden Mikdat; bu deste\u011fin Br\u00fcksel, Paris ve daha ba\u015fka kentlerde meydana gelen ter\u00f6r sald\u0131r\u0131lar\u0131na yol a\u00e7t\u0131\u011f\u0131n\u0131 belirtti. Mikdat AB \u00fclkelerini ter\u00f6re kar\u015f\u0131 ciddi ve d\u00fcr\u00fcst m\u00fccadeleye \u00e7a\u011f\u0131rd\u0131. AB \u00fclkelerinin Suriye konusundaki tutumlar\u0131nda b\u00fcy\u00fck ve geni\u015f bir de\u011fi\u015fimin meydana geldi\u011fini ifade eden Mikdat; Bat\u0131 medyas\u0131n\u0131n ter\u00f6r\u00fc destekleyen rejimlere ciddi ele\u015ftiriler y\u00f6nlendirmeye ba\u015flad\u0131\u011f\u0131na i\u015faret etti.<\/p>\n","protected":false},"excerpt":{"rendered":"<p>\u015eAM \u2013 D\u0131\u015fi\u015fleri ve Gurbet\u00e7iler Bakan\u0131 Yard\u0131mc\u0131s\u0131 Faysal Mikdat; Suriye&#8217;nin hi\u00e7bir ko\u015ful ya da dayatma veya sald\u0131r\u0131 alt\u0131nda ulusal egemenli\u011finden, ba\u011f\u0131ms\u0131zl\u0131\u011f\u0131ndan ya da b\u00fct\u00fcnl\u00fc\u011f\u00fcnden \u00f6d\u00fcn vermesinin kesinlikle m\u00fcmk\u00fcn olmad\u0131\u011f\u0131n\u0131 vurgulad\u0131. Mikdat bu ak\u015fam Meyadin Televizyonu ile m\u00fclakat\u0131nda; Suriye devletinin 27 \u015eubat tarihinde y\u00fcr\u00fcrl\u00fc\u011fe giren \u00e7at\u0131\u015fmalar\u0131 durdurma anla\u015fmas\u0131na s\u0131ms\u0131k\u0131 ba\u011fl\u0131 kald\u0131\u011f\u0131na dikkat \u00e7ekerken, kimi devletlerin ter\u00f6re &hellip;<\/p>\n","protected":false},"author":1,"featured_media":67828,"comment_status":"closed","ping_status":"closed","sticky":false,"template":"","format":"standard","meta":{"footnotes":""},"categories":[479,17988,478],"tags":[20331,20332,20333],"class_list":["post-67827","post","type-post","status-publish","format-standard","has-post-thumbnail","","category-haberler-yerel","category-son-haberler","category-yerel","tag-cenevre-gorusmelerine-secimden-sonra-katilacagiz","tag-mikdat-bu-aksam-meyadin-televizyonu-ile-mulakati","tag-suriyeliler-arasindaki-diyalog-gorusmelerinin-beklenen-turu"],"_links":{"self":[{"href":"https:\/\/archive.sana.sy\/tr\/index.php?rest_route=\/wp\/v2\/posts\/67827","targetHints":{"allow":["GET"]}}],"collection":[{"href":"https:\/\/archive.sana.sy\/tr\/index.php?rest_route=\/wp\/v2\/posts"}],"about":[{"href":"https:\/\/archive.sana.sy\/tr\/index.php?rest_route=\/wp\/v2\/types\/post"}],"author":[{"embeddable":true,"href":"https:\/\/archive.sana.sy\/tr\/index.php?rest_route=\/wp\/v2\/users\/1"}],"replies":[{"embeddable":true,"href":"https:\/\/archive.sana.sy\/tr\/index.php?rest_route=%2Fwp%2Fv2%2Fcomments&post=67827"}],"version-history":[{"count":0,"href":"https:\/\/archive.sana.sy\/tr\/index.php?rest_route=\/wp\/v2\/posts\/67827\/revisions"}],"wp:featuredmedia":[{"embeddable":true,"href":"https:\/\/archive.sana.sy\/tr\/index.php?rest_route=\/wp\/v2\/media\/67828"}],"wp:attachment":[{"href":"https:\/\/archive.sana.sy\/tr\/index.php?rest_route=%2Fwp%2Fv2%2Fmedia&parent=67827"}],"wp:term":[{"taxonomy":"category","embeddable":true,"href":"https:\/\/archive.sana.sy\/tr\/index.php?rest_route=%2Fwp%2Fv2%2Fcategories&post=67827"},{"taxonomy":"post_tag","embeddable":true,"href":"https:\/\/archive.sana.sy\/tr\/index.php?rest_route=%2Fwp%2Fv2%2Ftags&post=67827"}],"curies":[{"name":"wp","href":"https:\/\/api.w.org\/{rel}","templated":true}]}}