{"id":67832,"date":"2016-04-06T10:20:24","date_gmt":"2016-04-06T07:20:24","guid":{"rendered":"http:\/\/www.sana.sy\/tr\/?p=67832"},"modified":"2016-04-06T13:52:03","modified_gmt":"2016-04-06T10:52:03","slug":"askeri-kaynak-sanaya-aciklamasinda-ordu-birliklerimizin-dera-beledin-mensiye-semtinin-guney-kenarlarinda-kaide-orgutunun-suriye-kolu-nusra-cephesine-tabi-bir-teror-grubunun-buyuk-cog","status":"publish","type":"post","link":"https:\/\/archive.sana.sy\/tr\/?p=67832","title":{"rendered":"Askeri kaynak SANA\u2019ya a\u00e7\u0131klamas\u0131nda ordu birliklerimizin Dera Beled\u2019in Men\u015fiye Semtinin g\u00fcney kenarlar\u0131nda Kaide \u00d6rg\u00fct\u00fcn\u00fcn Suriye kolu Nusra Cephesine tabi bir ter\u00f6r grubunun b\u00fcy\u00fck \u00e7o\u011funlu\u011funu etkisiz hale getirdiklerini belirtti"},"content":{"rendered":"<p>Askeri kaynak SANA\u2019ya a\u00e7\u0131klamas\u0131nda ordu birliklerimizin Dera Beled\u2019in Men\u015fiye Semtinin g\u00fcney kenarlar\u0131nda Kaide \u00d6rg\u00fct\u00fcn\u00fcn Suriye kolu Nusra Cephesine tabi bir ter\u00f6r grubunun b\u00fcy\u00fck \u00e7o\u011funlu\u011funu etkisiz hale getirdiklerini belirtti<\/p>\n","protected":false},"excerpt":{"rendered":"<p>Askeri kaynak SANA\u2019ya a\u00e7\u0131klamas\u0131nda ordu birliklerimizin Dera Beled\u2019in Men\u015fiye Semtinin g\u00fcney kenarlar\u0131nda Kaide \u00d6rg\u00fct\u00fcn\u00fcn Suriye kolu Nusra Cephesine tabi bir ter\u00f6r grubunun b\u00fcy\u00fck \u00e7o\u011funlu\u011funu etkisiz hale getirdiklerini belirtti<\/p>\n","protected":false},"author":1,"featured_media":0,"comment_status":"closed","ping_status":"closed","sticky":false,"template":"","format":"standard","meta":{"footnotes":""},"categories":[17991],"tags":[],"class_list":["post-67832","post","type-post","status-publish","format-standard","","category-son-dakika"],"_links":{"self":[{"href":"https:\/\/archive.sana.sy\/tr\/index.php?rest_route=\/wp\/v2\/posts\/67832","targetHints":{"allow":["GET"]}}],"collection":[{"href":"https:\/\/archive.sana.sy\/tr\/index.php?rest_route=\/wp\/v2\/posts"}],"about":[{"href":"https:\/\/archive.sana.sy\/tr\/index.php?rest_route=\/wp\/v2\/types\/post"}],"author":[{"embeddable":true,"href":"https:\/\/archive.sana.sy\/tr\/index.php?rest_route=\/wp\/v2\/users\/1"}],"replies":[{"embeddable":true,"href":"https:\/\/archive.sana.sy\/tr\/index.php?rest_route=%2Fwp%2Fv2%2Fcomments&post=67832"}],"version-history":[{"count":0,"href":"https:\/\/archive.sana.sy\/tr\/index.php?rest_route=\/wp\/v2\/posts\/67832\/revisions"}],"wp:attachment":[{"href":"https:\/\/archive.sana.sy\/tr\/index.php?rest_route=%2Fwp%2Fv2%2Fmedia&parent=67832"}],"wp:term":[{"taxonomy":"category","embeddable":true,"href":"https:\/\/archive.sana.sy\/tr\/index.php?rest_route=%2Fwp%2Fv2%2Fcategories&post=67832"},{"taxonomy":"post_tag","embeddable":true,"href":"https:\/\/archive.sana.sy\/tr\/index.php?rest_route=%2Fwp%2Fv2%2Ftags&post=67832"}],"curies":[{"name":"wp","href":"https:\/\/api.w.org\/{rel}","templated":true}]}}