{"id":67847,"date":"2016-04-06T10:31:21","date_gmt":"2016-04-06T07:31:21","guid":{"rendered":"http:\/\/www.sana.sy\/tr\/?p=67847"},"modified":"2016-04-07T11:26:38","modified_gmt":"2016-04-07T08:26:38","slug":"israil-ile-baglantilarini-kanitlayan-belgeleri-var","status":"publish","type":"post","link":"https:\/\/archive.sana.sy\/tr\/?p=67847","title":{"rendered":"\u0130srail ile Ba\u011flant\u0131lar\u0131n\u0131 Kan\u0131tlayan Belgeleri Var"},"content":{"rendered":"<p>KUNAYTRA \u2013 \u0130srail tutukevlerinde bulunan Suriyeli esirlerden S\u0131dk\u0131 el Mukt; Suriye ve halk\u0131na y\u00f6nelik y\u00fcr\u00fct\u00fclen evrensel sava\u015fta \u2018yurtd\u0131\u015f\u0131 muhalefet\u2019 olarak bilinen taraflar ile Arap ve \u0130slam aleminin en b\u00fcy\u00fck d\u00fc\u015fmanlar\u0131 siyonist \u0130srail aras\u0131nda i\u015fbirli\u011fi ve koordinasyonun bulundu\u011funu kan\u0131tlayan belgelere sahip odlu\u011funu belirtti.<\/p>\n<p>Mukt vatan\u0131 ve halk\u0131na ihaneti kendine lay\u0131k g\u00f6ren s\u00f6z konusu s\u00f6zde muhalif taraflar\u0131n, kendilerini y\u00f6neten Bat\u0131l\u0131 istihbarat cihazlar\u0131 ve finans sa\u011flayan Petro-dolar \u015feyhlerinin etkileriyle Golan topraklar\u0131n\u0131 \u0130srail\u2019e verme taahh\u00fcd\u00fcnde bulunduklar\u0131n\u0131 ifade etti.<\/p>\n<p>\u2018Riyad muhalefeti\u2019 olarak bilinen taraflar\u0131n siyonist \u0130srail otoriteleri ile direk temaslarda bulunmalar\u0131n\u0131n yan\u0131 s\u0131ra Kaide ter\u00f6r \u00f6rg\u00fct\u00fcn\u00fcn Suriye kolu Nusra Cephesi dahil ter\u00f6r \u00f6rg\u00fctlerine silah ve daha ba\u015fka askeri deste\u011fi \u0130srail otoriteleri ile birlikte sa\u011flad\u0131klar\u0131n\u0131 kan\u0131tlayan belgelere sahip oldu\u011funu ifade etti.<\/p>\n<p>Ellerini ve ideolojilerini Suriyelilerin kanlar\u0131na bula\u015fanlar\u0131n Cenevre&#8217;de Suriyeliler aras\u0131ndaki g\u00f6r\u00fc\u015fmelerde Suriye halk\u0131n\u0131 temsil etme hakk\u0131na sahip olmad\u0131klar\u0131n\u0131 belirten Mukt; bu taraflar dahil hi\u00e7 kimsenin hi\u00e7bir vaat kar\u015f\u0131l\u0131\u011f\u0131nda vatan topraklar\u0131n\u0131 siyonist d\u00fc\u015fmana verme hakk\u0131na da sahip olmad\u0131\u011f\u0131n\u0131n alt\u0131n\u0131 \u00e7izdi.<\/p>\n<p>Siyonist \u0130srail otoriteleri 27 y\u0131l s\u00fcren tutuklama ard\u0131ndan 2012 A\u011fustos ay\u0131nda Mukt\u2019u serbest b\u0131rakmalar\u0131yla 25 \u015eubat 2015 tarihinde evini hunharca basarak onu yeniden tutuklad\u0131.<\/p>\n","protected":false},"excerpt":{"rendered":"<p>KUNAYTRA \u2013 \u0130srail tutukevlerinde bulunan Suriyeli esirlerden S\u0131dk\u0131 el Mukt; Suriye ve halk\u0131na y\u00f6nelik y\u00fcr\u00fct\u00fclen evrensel sava\u015fta \u2018yurtd\u0131\u015f\u0131 muhalefet\u2019 olarak bilinen taraflar ile Arap ve \u0130slam aleminin en b\u00fcy\u00fck d\u00fc\u015fmanlar\u0131 siyonist \u0130srail aras\u0131nda i\u015fbirli\u011fi ve koordinasyonun bulundu\u011funu kan\u0131tlayan belgelere sahip odlu\u011funu belirtti. Mukt vatan\u0131 ve halk\u0131na ihaneti kendine lay\u0131k g\u00f6ren s\u00f6z konusu s\u00f6zde muhalif taraflar\u0131n, &hellip;<\/p>\n","protected":false},"author":1,"featured_media":67849,"comment_status":"closed","ping_status":"closed","sticky":false,"template":"","format":"standard","meta":{"footnotes":""},"categories":[479,17988,478],"tags":[20337,20340,20339,20338],"class_list":["post-67847","post","type-post","status-publish","format-standard","has-post-thumbnail","","category-haberler-yerel","category-son-haberler","category-yerel","tag-israil-ile-baglantilarini-kanitlayan-belgeleri-var","tag-israil-tutukevleri","tag-sidki-el-mukt","tag-suriyeli-esirler"],"_links":{"self":[{"href":"https:\/\/archive.sana.sy\/tr\/index.php?rest_route=\/wp\/v2\/posts\/67847","targetHints":{"allow":["GET"]}}],"collection":[{"href":"https:\/\/archive.sana.sy\/tr\/index.php?rest_route=\/wp\/v2\/posts"}],"about":[{"href":"https:\/\/archive.sana.sy\/tr\/index.php?rest_route=\/wp\/v2\/types\/post"}],"author":[{"embeddable":true,"href":"https:\/\/archive.sana.sy\/tr\/index.php?rest_route=\/wp\/v2\/users\/1"}],"replies":[{"embeddable":true,"href":"https:\/\/archive.sana.sy\/tr\/index.php?rest_route=%2Fwp%2Fv2%2Fcomments&post=67847"}],"version-history":[{"count":0,"href":"https:\/\/archive.sana.sy\/tr\/index.php?rest_route=\/wp\/v2\/posts\/67847\/revisions"}],"wp:featuredmedia":[{"embeddable":true,"href":"https:\/\/archive.sana.sy\/tr\/index.php?rest_route=\/wp\/v2\/media\/67849"}],"wp:attachment":[{"href":"https:\/\/archive.sana.sy\/tr\/index.php?rest_route=%2Fwp%2Fv2%2Fmedia&parent=67847"}],"wp:term":[{"taxonomy":"category","embeddable":true,"href":"https:\/\/archive.sana.sy\/tr\/index.php?rest_route=%2Fwp%2Fv2%2Fcategories&post=67847"},{"taxonomy":"post_tag","embeddable":true,"href":"https:\/\/archive.sana.sy\/tr\/index.php?rest_route=%2Fwp%2Fv2%2Ftags&post=67847"}],"curies":[{"name":"wp","href":"https:\/\/api.w.org\/{rel}","templated":true}]}}