{"id":67856,"date":"2016-04-06T16:50:10","date_gmt":"2016-04-06T13:50:10","guid":{"rendered":"http:\/\/sana.sy\/tr\/?p=67856"},"modified":"2016-04-07T16:30:40","modified_gmt":"2016-04-07T13:30:40","slug":"tekfirciler-arac-siper-ve-karargahlariyla-imha-ediliyor","status":"publish","type":"post","link":"https:\/\/archive.sana.sy\/tr\/?p=67856","title":{"rendered":"Tekfirciler Ara\u00e7, Siper ve Karargahlar\u0131yla \u0130mha Ediliyor"},"content":{"rendered":"<p>\u0130LLER \u2013 Ordu birliklerimiz hava g\u00fc\u00e7lerimizin deste\u011fi ile I\u015e\u0130D ve Nusra Cephesinin yan\u0131 s\u0131ra \u00e7at\u0131lar\u0131 alt\u0131ndaki ter\u00f6r \u00f6rg\u00fctlerin mevki ve ara\u00e7lar\u0131na y\u00f6nelik operasyonlar\u0131n\u0131 s\u00fcrd\u00fcr\u00fcrlerken, aralar\u0131nda tehlikeli isimlerin bulundu\u011fu onlarca tekfirciyi \u00f6l\u00fc yaral\u0131 d\u00fc\u015f\u00fcrd\u00fc.<\/p>\n<p><span style=\"color: #0000ff\">HOMS:<\/span><\/p>\n<p>Bu arada askeri bir kaynak, hava g\u00fc\u00e7lerimizin Homs k\u0131rsal\u0131 Tedmur Kentinin bat\u0131s\u0131 ve kuzeyi, Suhna \u2013 Tedmur karayolu, Karyeteyn Kentinin do\u011fusu, Barida ve Cbab Hamad b\u00f6lgelerinde I\u015e\u0130D\u2019e ait mevki ve ara\u00e7lar\u0131 imha ettiklerini belirtti.<\/p>\n<p>Hava operasyonlar\u0131nda bir k\u0131sm\u0131 a\u011f\u0131r makineli silahlarla donat\u0131lm\u0131\u015f \u00e7ok say\u0131da arac\u0131n ta\u015f\u0131d\u0131klar\u0131 cephane ve ter\u00f6ristlerle birlikte imha edildiklerini belirten kaynak; aralar\u0131nda tehlikeli isimlerin de bulundu\u011fu onlarca tekfircinin \u00f6ld\u00fcr\u00fcld\u00fc\u011f\u00fcn\u00fc aktard\u0131.<\/p>\n<p><span style=\"color: #0000ff\">HAMA:<\/span><\/p>\n<p>Hama k\u0131rsal\u0131n\u0131n do\u011fusunda I\u015e\u0130D tekfircilerine kar\u015f\u0131 yo\u011funla\u015ft\u0131r\u0131lan operasyonlar \u00e7er\u00e7evesinde hava g\u00fc\u00e7lerimiz; Hama Kentinin yakla\u015f\u0131k 110 km do\u011fusuna d\u00fc\u015fen Izeyb Vadisi ve Ebu Hbeylat b\u00f6lgesinde I\u015e\u0130D\u2019in karargah ve siperlerini imha etti.<\/p>\n<p>Askeri kaynak SANA\u2019ya a\u00e7\u0131klamas\u0131nda s\u00f6z konusu operasyonlarda bir k\u0131sm\u0131 makineli silahlarla donat\u0131lm\u0131\u015f bir\u00e7ok ara\u00e7la birlikte \u00e7ok say\u0131da ter\u00f6ristin etkisiz hale getirildiklerini aktard\u0131.<\/p>\n<p><span style=\"color: #0000ff\">DEYREZZOR:<\/span><\/p>\n<p>SANA\u2019ya a\u00e7\u0131klama yapan askeri bir kaynak; hava g\u00fc\u00e7lerimizin bug\u00fcn \u015fafak saatlerinde Deyrezzor k\u0131rsal\u0131n\u0131n do\u011fusu Murayiye K\u00f6y\u00fcnde I\u015e\u0130D\u2019in toplanma yerleri ve mevkilerine y\u00f6nelik hava operasyonlar\u0131 ger\u00e7ekle\u015ftirdiklerini ifade etti. Kaynak; hava operasyonlar\u0131nda \u00e7ok say\u0131da ter\u00f6ristin \u00f6l\u00fc ve yaral\u0131 d\u00fc\u015f\u00fcr\u00fcl\u00fcp havzalar\u0131nda bulunan silah ve m\u00fchimmatlar\u0131n\u0131n yan\u0131 s\u0131ra a\u011f\u0131r makineli silahlarla donat\u0131lm\u0131\u015f ara\u00e7lar\u0131n\u0131n da imha edildi\u011fine dikkat \u00e7ekti.<\/p>\n<p>Son iki g\u00fcn i\u00e7inde hava g\u00fc\u00e7lerimizin deste\u011fi ile Deyrezzor Askeri Havaliman\u0131n\u0131 savunan askerilerimiz, I\u015e\u0130D tekfircilerini say\u0131 ve te\u00e7hizatlar\u0131yla a\u011f\u0131r kay\u0131plara u\u011frat\u0131rlarken, havaliman\u0131 civar\u0131nda bombal\u0131 17 arac\u0131 hedeflerine ula\u015fmadan \u00f6nce imha ettiler.<\/p>\n<p><span style=\"color: #0000ff\">DERA:<\/span><\/p>\n<p>\u00d6te yandan askeri kaynak; ordu birliklerimizin Dera Beled\u2019in Men\u015fiye Semtinde askeri bir noktaya sald\u0131r\u0131 giri\u015fiminde bulunan Nusra Cephesine tabi bir ter\u00f6r grubuyla \u015fiddetli \u00e7at\u0131\u015fmalara girdiklerini aktard\u0131. Kaynak; \u00e7at\u0131\u015fmalarda ter\u00f6r grubunun t\u00fcm \u00fcyelerinin \u00f6ld\u00fcr\u00fcl\u00fcp havzalar\u0131nda bulunan silah ve m\u00fchimmatlar\u0131n\u0131n da yok edildi\u011fini s\u00f6zlerine ekledi.<\/p>\n<p><span style=\"color: #0000ff\">S\u00dcVEYDA:<\/span><\/p>\n<p>S\u00fcveyda k\u0131rsal\u0131 Tel E\u015fhayib B\u00f6lgesi civar\u0131nda ise ordu birliklerimiz; I\u015e\u0130D\u2019e tabi ter\u00f6ristleri ta\u015f\u0131yan iki arac\u0131 nitelikli bir operasyonla imha ettiler.<\/p>\n","protected":false},"excerpt":{"rendered":"<p>\u0130LLER \u2013 Ordu birliklerimiz hava g\u00fc\u00e7lerimizin deste\u011fi ile I\u015e\u0130D ve Nusra Cephesinin yan\u0131 s\u0131ra \u00e7at\u0131lar\u0131 alt\u0131ndaki ter\u00f6r \u00f6rg\u00fctlerin mevki ve ara\u00e7lar\u0131na y\u00f6nelik operasyonlar\u0131n\u0131 s\u00fcrd\u00fcr\u00fcrlerken, aralar\u0131nda tehlikeli isimlerin bulundu\u011fu onlarca tekfirciyi \u00f6l\u00fc yaral\u0131 d\u00fc\u015f\u00fcrd\u00fc. HOMS: Bu arada askeri bir kaynak, hava g\u00fc\u00e7lerimizin Homs k\u0131rsal\u0131 Tedmur Kentinin bat\u0131s\u0131 ve kuzeyi, Suhna \u2013 Tedmur karayolu, Karyeteyn Kentinin do\u011fusu, &hellip;<\/p>\n","protected":false},"author":1,"featured_media":67857,"comment_status":"closed","ping_status":"closed","sticky":false,"template":"","format":"standard","meta":{"footnotes":""},"categories":[575],"tags":[],"class_list":["post-67856","post","type-post","status-publish","format-standard","has-post-thumbnail","","category-olaylar-ve-gercekler"],"_links":{"self":[{"href":"https:\/\/archive.sana.sy\/tr\/index.php?rest_route=\/wp\/v2\/posts\/67856","targetHints":{"allow":["GET"]}}],"collection":[{"href":"https:\/\/archive.sana.sy\/tr\/index.php?rest_route=\/wp\/v2\/posts"}],"about":[{"href":"https:\/\/archive.sana.sy\/tr\/index.php?rest_route=\/wp\/v2\/types\/post"}],"author":[{"embeddable":true,"href":"https:\/\/archive.sana.sy\/tr\/index.php?rest_route=\/wp\/v2\/users\/1"}],"replies":[{"embeddable":true,"href":"https:\/\/archive.sana.sy\/tr\/index.php?rest_route=%2Fwp%2Fv2%2Fcomments&post=67856"}],"version-history":[{"count":0,"href":"https:\/\/archive.sana.sy\/tr\/index.php?rest_route=\/wp\/v2\/posts\/67856\/revisions"}],"wp:featuredmedia":[{"embeddable":true,"href":"https:\/\/archive.sana.sy\/tr\/index.php?rest_route=\/wp\/v2\/media\/67857"}],"wp:attachment":[{"href":"https:\/\/archive.sana.sy\/tr\/index.php?rest_route=%2Fwp%2Fv2%2Fmedia&parent=67856"}],"wp:term":[{"taxonomy":"category","embeddable":true,"href":"https:\/\/archive.sana.sy\/tr\/index.php?rest_route=%2Fwp%2Fv2%2Fcategories&post=67856"},{"taxonomy":"post_tag","embeddable":true,"href":"https:\/\/archive.sana.sy\/tr\/index.php?rest_route=%2Fwp%2Fv2%2Ftags&post=67856"}],"curies":[{"name":"wp","href":"https:\/\/api.w.org\/{rel}","templated":true}]}}