{"id":67860,"date":"2016-04-06T17:00:15","date_gmt":"2016-04-06T14:00:15","guid":{"rendered":"http:\/\/sana.sy\/tr\/?p=67860"},"modified":"2016-04-07T11:26:03","modified_gmt":"2016-04-07T08:26:03","slug":"gelisiguzel-fuze-ve-roket-saldirilariyla-ihlallerini-surdurduler","status":"publish","type":"post","link":"https:\/\/archive.sana.sy\/tr\/?p=67860","title":{"rendered":"Geli\u015fig\u00fczel F\u00fcze ve Roket Sald\u0131r\u0131lar\u0131yla \u0130hlallerini S\u00fcrd\u00fcrd\u00fcler"},"content":{"rendered":"<p>HALEP \u2013 Halep Kentinin sivil yerle\u015fim alanlar\u0131ndan \u015eeyh Maksud Semtinde yerel kaynaklar; d\u0131\u015f g\u00fc\u00e7lere tabi ter\u00f6ristlerin Suriye&#8217;de \u00e7at\u0131\u015fmalar\u0131 durdurma anla\u015fmas\u0131na ihlallerini s\u00fcrd\u00fcr\u00fcp semti havan ve roketlerle geli\u015fig\u00fczel olarak hedef almaya devam ettiklerini belirtti.<\/p>\n<p>Kaynaklar SANA\u2019ya a\u00e7\u0131klamalar\u0131nda; ter\u00f6ristlerin korkak sald\u0131r\u0131lar\u0131nda bug\u00fcn 1 vatanda\u015f\u0131n \u015fehit d\u00fc\u015ft\u00fc\u011f\u00fcn\u00fc, 17 vatanda\u015f\u0131n da yaraland\u0131klar\u0131n\u0131 aktard\u0131.<\/p>\n<p>Ter\u00f6ristlerin d\u00fcn semti hedef alan f\u00fcze sald\u0131r\u0131lar\u0131 sonucunda y\u0131k\u0131lan binalar\u0131n enkaz\u0131n\u0131 kald\u0131rma \u00e7al\u0131\u015fmalar\u0131n\u0131n devam etti\u011fini ifade eden kaynaklar; bug\u00fcn 3 cesedin daha enkaz alt\u0131ndan \u00e7\u0131kar\u0131lmas\u0131yla \u015fehit say\u0131s\u0131n\u0131n 18\u2019e y\u00fckseldi\u011fini, yaral\u0131lar\u0131n ise 67 oldu\u011funu ifade etti. Kaynaklar enkaz kald\u0131rma \u00e7al\u0131\u015fmalar\u0131n\u0131n devam etmesiyle bu say\u0131n\u0131n daha da artabilece\u011fine i\u015faret etti.<\/p>\n","protected":false},"excerpt":{"rendered":"<p>HALEP \u2013 Halep Kentinin sivil yerle\u015fim alanlar\u0131ndan \u015eeyh Maksud Semtinde yerel kaynaklar; d\u0131\u015f g\u00fc\u00e7lere tabi ter\u00f6ristlerin Suriye&#8217;de \u00e7at\u0131\u015fmalar\u0131 durdurma anla\u015fmas\u0131na ihlallerini s\u00fcrd\u00fcr\u00fcp semti havan ve roketlerle geli\u015fig\u00fczel olarak hedef almaya devam ettiklerini belirtti. Kaynaklar SANA\u2019ya a\u00e7\u0131klamalar\u0131nda; ter\u00f6ristlerin korkak sald\u0131r\u0131lar\u0131nda bug\u00fcn 1 vatanda\u015f\u0131n \u015fehit d\u00fc\u015ft\u00fc\u011f\u00fcn\u00fc, 17 vatanda\u015f\u0131n da yaraland\u0131klar\u0131n\u0131 aktard\u0131. Ter\u00f6ristlerin d\u00fcn semti hedef alan f\u00fcze &hellip;<\/p>\n","protected":false},"author":1,"featured_media":67861,"comment_status":"closed","ping_status":"closed","sticky":false,"template":"","format":"standard","meta":{"footnotes":""},"categories":[479,575,17988,478],"tags":[],"class_list":["post-67860","post","type-post","status-publish","format-standard","has-post-thumbnail","","category-haberler-yerel","category-olaylar-ve-gercekler","category-son-haberler","category-yerel"],"_links":{"self":[{"href":"https:\/\/archive.sana.sy\/tr\/index.php?rest_route=\/wp\/v2\/posts\/67860","targetHints":{"allow":["GET"]}}],"collection":[{"href":"https:\/\/archive.sana.sy\/tr\/index.php?rest_route=\/wp\/v2\/posts"}],"about":[{"href":"https:\/\/archive.sana.sy\/tr\/index.php?rest_route=\/wp\/v2\/types\/post"}],"author":[{"embeddable":true,"href":"https:\/\/archive.sana.sy\/tr\/index.php?rest_route=\/wp\/v2\/users\/1"}],"replies":[{"embeddable":true,"href":"https:\/\/archive.sana.sy\/tr\/index.php?rest_route=%2Fwp%2Fv2%2Fcomments&post=67860"}],"version-history":[{"count":0,"href":"https:\/\/archive.sana.sy\/tr\/index.php?rest_route=\/wp\/v2\/posts\/67860\/revisions"}],"wp:featuredmedia":[{"embeddable":true,"href":"https:\/\/archive.sana.sy\/tr\/index.php?rest_route=\/wp\/v2\/media\/67861"}],"wp:attachment":[{"href":"https:\/\/archive.sana.sy\/tr\/index.php?rest_route=%2Fwp%2Fv2%2Fmedia&parent=67860"}],"wp:term":[{"taxonomy":"category","embeddable":true,"href":"https:\/\/archive.sana.sy\/tr\/index.php?rest_route=%2Fwp%2Fv2%2Fcategories&post=67860"},{"taxonomy":"post_tag","embeddable":true,"href":"https:\/\/archive.sana.sy\/tr\/index.php?rest_route=%2Fwp%2Fv2%2Ftags&post=67860"}],"curies":[{"name":"wp","href":"https:\/\/api.w.org\/{rel}","templated":true}]}}