{"id":67904,"date":"2016-04-07T08:30:29","date_gmt":"2016-04-07T05:30:29","guid":{"rendered":"http:\/\/www.sana.sy\/tr\/?p=67904"},"modified":"2016-04-08T18:12:15","modified_gmt":"2016-04-08T15:12:15","slug":"tedmurda-terorun-izleri-tamamen-temizleniyor","status":"publish","type":"post","link":"https:\/\/archive.sana.sy\/tr\/?p=67904","title":{"rendered":"Tedmur\u2019da Ter\u00f6r\u00fcn \u0130zleri Tamamen Temizleniyor (video)"},"content":{"rendered":"<p>HOMS \u2013 Homs Valisi Talal el Berazi, d\u00fcn Tedmur kentinde d\u00fczenledi\u011fi inceleme ziyareti s\u0131ras\u0131nda devlet hastanesi, f\u0131r\u0131n, itfaiye ekibi, meslek lisesi ve daha bir\u00e7ok kurum ve kurulu\u015fu ziyaret ederek I\u015e\u0130D ve Nusra Cephesi ter\u00f6r \u00f6rg\u00fctlerinin tamamen temizlenmesinden sonra kentte g\u00fcnl\u00fck ya\u015fam\u0131n normale d\u00f6nmesi i\u00e7in gerekli ihtiya\u00e7lar\u0131 ve bu ihtiya\u00e7lar\u0131n kar\u015f\u0131lanmas\u0131 y\u00f6ntemlerini inceledi.<\/p>\n<p>Kente onar\u0131m faaliyetlerinin ilk a\u015famada yakla\u015f\u0131k bir ay s\u00fcrece\u011fine i\u015faret eden Berazi, bu a\u015famada ter\u00f6r nedeniyle evlerini ve topraklar\u0131n\u0131 terk etmek zorunda kalan b\u00fct\u00fcn vatanda\u015flar\u0131n yeniden evlerine d\u00f6nerek g\u00fcven ve istikrarla g\u00fcnl\u00fck ya\u015famlar\u0131n\u0131 s\u00fcrd\u00fcrmeye ba\u015flamalar\u0131n\u0131n ama\u00e7land\u0131\u011f\u0131n\u0131 belirtti.<\/p>\n<p>Ziyaretinde Berazi\u2019ye e\u015flik eden Homs Valili\u011fi Teknik \u0130\u015fler M\u00fcd\u00fcr\u00fc Emin \u0130sa, m\u00fcd\u00fcrl\u00fc\u011fe ba\u011fl\u0131 b\u00fct\u00fcn onar\u0131m ekiplerinin kentte ter\u00f6r sald\u0131r\u0131lar\u0131 sonucu olu\u015fan hasar\u0131 en k\u0131sa s\u00fcrede gidermek i\u00e7in b\u00fcy\u00fck bir azimle \u00e7al\u0131\u015ft\u0131klar\u0131na i\u015faret ederek hasar\u0131n tam olarak tespit edilebilmesi i\u00e7in \u00f6ncelikle yollar\u0131n a\u00e7\u0131lmas\u0131 ve kenti i\u00e7indeki ula\u015f\u0131m\u0131n sa\u011flanmas\u0131 gerekti\u011fine dikkat \u00e7ekti.<\/p>\n<p>Ula\u015ft\u0131rma M\u00fcd\u00fcr\u00fc Halil el Halil ise kentte saha incelemelerinin sona erdi\u011fine i\u015faret ederek ter\u00f6r sald\u0131r\u0131lar\u0131 sonucu yollarda ve ula\u015f\u0131m ara\u00e7lar\u0131nda ciddi hasarlar meydana geldi\u011fini ve bu hasar\u0131n Ula\u015f\u0131m Bakanl\u0131\u011f\u0131n\u0131n bilgisine sunuldu\u011funu beyan etti.<\/p>\n<p>Hat\u0131rlanaca\u011f\u0131 \u00fczere Homs Valisi Berazi, ge\u00e7ti\u011fimiz g\u00fcnlerde yapt\u0131\u011f\u0131 bir a\u00e7\u0131klamada ter\u00f6r olaylar\u0131 nedeniyle evlerinden ve topraklar\u0131ndan ayr\u0131lmak zorunda kalan vatanda\u015flar\u0131n 9 Nisan tarihinden itibaren tahsis edilen \u00f6zel otob\u00fcslerle evlerine yeniden ta\u015f\u0131nmaya ba\u015flayacaklar\u0131n\u0131 ifade etmi\u015fti.<\/p>\n<p>https:\/\/www.youtube.com\/watch?v=S107XN887sQ<\/p>\n<div id='gallery-1' class='gallery galleryid-67904 gallery-columns-2 gallery-size-medium'><figure class='gallery-item'>\n\t\t\t<div class='gallery-icon landscape'>\n\t\t\t\t<a href='https:\/\/archive.sana.sy\/tr\/wp-content\/uploads\/2016\/04\/Homs-Valisi-2.jpg'><img loading=\"lazy\" decoding=\"async\" width=\"300\" height=\"202\" src=\"https:\/\/archive.sana.sy\/tr\/wp-content\/uploads\/2016\/04\/Homs-Valisi-2-300x202.jpg\" class=\"attachment-medium size-medium\" alt=\"\" srcset=\"https:\/\/archive.sana.sy\/tr\/wp-content\/uploads\/2016\/04\/Homs-Valisi-2-300x202.jpg 300w, https:\/\/archive.sana.sy\/tr\/wp-content\/uploads\/2016\/04\/Homs-Valisi-2-150x101.jpg 150w, https:\/\/archive.sana.sy\/tr\/wp-content\/uploads\/2016\/04\/Homs-Valisi-2-110x75.jpg 110w, https:\/\/archive.sana.sy\/tr\/wp-content\/uploads\/2016\/04\/Homs-Valisi-2.jpg 660w\" sizes=\"auto, (max-width: 300px) 100vw, 300px\" \/><\/a>\n\t\t\t<\/div><\/figure><figure class='gallery-item'>\n\t\t\t<div class='gallery-icon landscape'>\n\t\t\t\t<a href='https:\/\/archive.sana.sy\/tr\/wp-content\/uploads\/2016\/04\/Homs-Valisi-3.jpg'><img loading=\"lazy\" decoding=\"async\" width=\"300\" height=\"199\" src=\"https:\/\/archive.sana.sy\/tr\/wp-content\/uploads\/2016\/04\/Homs-Valisi-3-300x199.jpg\" class=\"attachment-medium size-medium\" alt=\"\" srcset=\"https:\/\/archive.sana.sy\/tr\/wp-content\/uploads\/2016\/04\/Homs-Valisi-3-300x199.jpg 300w, https:\/\/archive.sana.sy\/tr\/wp-content\/uploads\/2016\/04\/Homs-Valisi-3-150x100.jpg 150w, https:\/\/archive.sana.sy\/tr\/wp-content\/uploads\/2016\/04\/Homs-Valisi-3-310x205.jpg 310w, https:\/\/archive.sana.sy\/tr\/wp-content\/uploads\/2016\/04\/Homs-Valisi-3.jpg 660w\" sizes=\"auto, (max-width: 300px) 100vw, 300px\" \/><\/a>\n\t\t\t<\/div><\/figure>\n\t\t<\/div>\n\n<p>F.B. &#8211; R.H.<\/p>\n","protected":false},"excerpt":{"rendered":"<p>HOMS \u2013 Homs Valisi Talal el Berazi, d\u00fcn Tedmur kentinde d\u00fczenledi\u011fi inceleme ziyareti s\u0131ras\u0131nda devlet hastanesi, f\u0131r\u0131n, itfaiye ekibi, meslek lisesi ve daha bir\u00e7ok kurum ve kurulu\u015fu ziyaret ederek I\u015e\u0130D ve Nusra Cephesi ter\u00f6r \u00f6rg\u00fctlerinin tamamen temizlenmesinden sonra kentte g\u00fcnl\u00fck ya\u015fam\u0131n normale d\u00f6nmesi i\u00e7in gerekli ihtiya\u00e7lar\u0131 ve bu ihtiya\u00e7lar\u0131n kar\u015f\u0131lanmas\u0131 y\u00f6ntemlerini inceledi. Kente onar\u0131m faaliyetlerinin &hellip;<\/p>\n","protected":false},"author":1,"featured_media":67905,"comment_status":"closed","ping_status":"closed","sticky":false,"template":"","format":"standard","meta":{"footnotes":""},"categories":[479,17988,478],"tags":[20347],"class_list":["post-67904","post","type-post","status-publish","format-standard","has-post-thumbnail","","category-haberler-yerel","category-son-haberler","category-yerel","tag-tedmurda-terorun-izleri-tamamen-temizleniyor"],"_links":{"self":[{"href":"https:\/\/archive.sana.sy\/tr\/index.php?rest_route=\/wp\/v2\/posts\/67904","targetHints":{"allow":["GET"]}}],"collection":[{"href":"https:\/\/archive.sana.sy\/tr\/index.php?rest_route=\/wp\/v2\/posts"}],"about":[{"href":"https:\/\/archive.sana.sy\/tr\/index.php?rest_route=\/wp\/v2\/types\/post"}],"author":[{"embeddable":true,"href":"https:\/\/archive.sana.sy\/tr\/index.php?rest_route=\/wp\/v2\/users\/1"}],"replies":[{"embeddable":true,"href":"https:\/\/archive.sana.sy\/tr\/index.php?rest_route=%2Fwp%2Fv2%2Fcomments&post=67904"}],"version-history":[{"count":0,"href":"https:\/\/archive.sana.sy\/tr\/index.php?rest_route=\/wp\/v2\/posts\/67904\/revisions"}],"wp:featuredmedia":[{"embeddable":true,"href":"https:\/\/archive.sana.sy\/tr\/index.php?rest_route=\/wp\/v2\/media\/67905"}],"wp:attachment":[{"href":"https:\/\/archive.sana.sy\/tr\/index.php?rest_route=%2Fwp%2Fv2%2Fmedia&parent=67904"}],"wp:term":[{"taxonomy":"category","embeddable":true,"href":"https:\/\/archive.sana.sy\/tr\/index.php?rest_route=%2Fwp%2Fv2%2Fcategories&post=67904"},{"taxonomy":"post_tag","embeddable":true,"href":"https:\/\/archive.sana.sy\/tr\/index.php?rest_route=%2Fwp%2Fv2%2Ftags&post=67904"}],"curies":[{"name":"wp","href":"https:\/\/api.w.org\/{rel}","templated":true}]}}