{"id":67909,"date":"2016-04-07T10:31:45","date_gmt":"2016-04-07T07:31:45","guid":{"rendered":"http:\/\/www.sana.sy\/tr\/?p=67909"},"modified":"2016-04-07T10:31:45","modified_gmt":"2016-04-07T07:31:45","slug":"tedmurda-terorun-izleri-tamamen-temizleniyor-2","status":"publish","type":"post","link":"https:\/\/archive.sana.sy\/tr\/?p=67909","title":{"rendered":"Tedmur\u2019da Ter\u00f6r\u00fcn \u0130zleri Tamamen Temizleniyor"},"content":{"rendered":"<p>Homs Valisi Talal el Berazi, d\u00fcn Tedmur kentinde d\u00fczenledi\u011fi inceleme ziyareti s\u0131ras\u0131nda devlet hastanesi, f\u0131r\u0131n, itfaiye ekibi, meslek lisesi ve daha bir\u00e7ok kurum ve kurulu\u015fu ziyaret ederek I\u015e\u0130D ve Nusra Cephesi ter\u00f6r \u00f6rg\u00fctlerinin tamamen temizlenmesinden sonra kentte g\u00fcnl\u00fck ya\u015fam\u0131n normale d\u00f6nmesi i\u00e7in gerekli ihtiya\u00e7lar\u0131 ve bu ihtiya\u00e7lar\u0131n kar\u015f\u0131lanmas\u0131 y\u00f6ntemlerini inceledi<\/p>\n<p>https:\/\/youtu.be\/S107XN887sQ<\/p>\n<p>https:\/\/youtu.be\/S107XN887sQ<\/p>\n","protected":false},"excerpt":{"rendered":"<p>Homs Valisi Talal el Berazi, d\u00fcn Tedmur kentinde d\u00fczenledi\u011fi inceleme ziyareti s\u0131ras\u0131nda devlet hastanesi, f\u0131r\u0131n, itfaiye ekibi, meslek lisesi ve daha bir\u00e7ok kurum ve kurulu\u015fu ziyaret ederek I\u015e\u0130D ve Nusra Cephesi ter\u00f6r \u00f6rg\u00fctlerinin tamamen temizlenmesinden sonra kentte g\u00fcnl\u00fck ya\u015fam\u0131n normale d\u00f6nmesi i\u00e7in gerekli ihtiya\u00e7lar\u0131 ve bu ihtiya\u00e7lar\u0131n kar\u015f\u0131lanmas\u0131 y\u00f6ntemlerini inceledi https:\/\/youtu.be\/S107XN887sQ https:\/\/youtu.be\/S107XN887sQ<\/p>\n","protected":false},"author":1,"featured_media":67905,"comment_status":"closed","ping_status":"closed","sticky":false,"template":"","format":"standard","meta":{"footnotes":""},"categories":[18295],"tags":[20347],"class_list":["post-67909","post","type-post","status-publish","format-standard","has-post-thumbnail","","category-sana-video","tag-tedmurda-terorun-izleri-tamamen-temizleniyor"],"_links":{"self":[{"href":"https:\/\/archive.sana.sy\/tr\/index.php?rest_route=\/wp\/v2\/posts\/67909","targetHints":{"allow":["GET"]}}],"collection":[{"href":"https:\/\/archive.sana.sy\/tr\/index.php?rest_route=\/wp\/v2\/posts"}],"about":[{"href":"https:\/\/archive.sana.sy\/tr\/index.php?rest_route=\/wp\/v2\/types\/post"}],"author":[{"embeddable":true,"href":"https:\/\/archive.sana.sy\/tr\/index.php?rest_route=\/wp\/v2\/users\/1"}],"replies":[{"embeddable":true,"href":"https:\/\/archive.sana.sy\/tr\/index.php?rest_route=%2Fwp%2Fv2%2Fcomments&post=67909"}],"version-history":[{"count":0,"href":"https:\/\/archive.sana.sy\/tr\/index.php?rest_route=\/wp\/v2\/posts\/67909\/revisions"}],"wp:featuredmedia":[{"embeddable":true,"href":"https:\/\/archive.sana.sy\/tr\/index.php?rest_route=\/wp\/v2\/media\/67905"}],"wp:attachment":[{"href":"https:\/\/archive.sana.sy\/tr\/index.php?rest_route=%2Fwp%2Fv2%2Fmedia&parent=67909"}],"wp:term":[{"taxonomy":"category","embeddable":true,"href":"https:\/\/archive.sana.sy\/tr\/index.php?rest_route=%2Fwp%2Fv2%2Fcategories&post=67909"},{"taxonomy":"post_tag","embeddable":true,"href":"https:\/\/archive.sana.sy\/tr\/index.php?rest_route=%2Fwp%2Fv2%2Ftags&post=67909"}],"curies":[{"name":"wp","href":"https:\/\/api.w.org\/{rel}","templated":true}]}}