{"id":67955,"date":"2016-04-07T10:55:01","date_gmt":"2016-04-07T07:55:01","guid":{"rendered":"http:\/\/www.sana.sy\/tr\/?p=67955"},"modified":"2016-04-07T14:19:06","modified_gmt":"2016-04-07T11:19:06","slug":"hava-guclerimizin-rakka-kentinin-guneyi-ve-kirsala-dusen-tabaka-havalimaninda-isidin-arac-mevki-ve-karargahlarini-imha-ettiklerini-belirten-kaynak-operasyonlarda-cok-sayida-tekfircinin-ekipm","status":"publish","type":"post","link":"https:\/\/archive.sana.sy\/tr\/?p=67955","title":{"rendered":"Hava g\u00fc\u00e7lerimizin Rakka Kentinin g\u00fcneyi ve k\u0131rsala d\u00fc\u015fen Tabaka Havaliman\u0131nda I\u015e\u0130D\u2019in ara\u00e7, mevki ve karargahlar\u0131n\u0131 imha ettiklerini belirten kaynak operasyonlarda \u00e7ok say\u0131da tekfircinin ekipmanlar\u0131yla birlikte etkisizle\u015ftirildi\u011fini s\u00f6yledi"},"content":{"rendered":"<p>Hava g\u00fc\u00e7lerimizin Rakka Kentinin g\u00fcneyi ve k\u0131rsala d\u00fc\u015fen Tabaka Havaliman\u0131nda I\u015e\u0130D\u2019in ara\u00e7, mevki ve karargahlar\u0131n\u0131 imha ettiklerini belirten kaynak operasyonlarda \u00e7ok say\u0131da tekfircinin ekipmanlar\u0131yla birlikte etkisizle\u015ftirildi\u011fini s\u00f6yledi<\/p>\n","protected":false},"excerpt":{"rendered":"<p>Hava g\u00fc\u00e7lerimizin Rakka Kentinin g\u00fcneyi ve k\u0131rsala d\u00fc\u015fen Tabaka Havaliman\u0131nda I\u015e\u0130D\u2019in ara\u00e7, mevki ve karargahlar\u0131n\u0131 imha ettiklerini belirten kaynak operasyonlarda \u00e7ok say\u0131da tekfircinin ekipmanlar\u0131yla birlikte etkisizle\u015ftirildi\u011fini s\u00f6yledi<\/p>\n","protected":false},"author":1,"featured_media":0,"comment_status":"closed","ping_status":"closed","sticky":false,"template":"","format":"standard","meta":{"footnotes":""},"categories":[17991],"tags":[],"class_list":["post-67955","post","type-post","status-publish","format-standard","","category-son-dakika"],"_links":{"self":[{"href":"https:\/\/archive.sana.sy\/tr\/index.php?rest_route=\/wp\/v2\/posts\/67955","targetHints":{"allow":["GET"]}}],"collection":[{"href":"https:\/\/archive.sana.sy\/tr\/index.php?rest_route=\/wp\/v2\/posts"}],"about":[{"href":"https:\/\/archive.sana.sy\/tr\/index.php?rest_route=\/wp\/v2\/types\/post"}],"author":[{"embeddable":true,"href":"https:\/\/archive.sana.sy\/tr\/index.php?rest_route=\/wp\/v2\/users\/1"}],"replies":[{"embeddable":true,"href":"https:\/\/archive.sana.sy\/tr\/index.php?rest_route=%2Fwp%2Fv2%2Fcomments&post=67955"}],"version-history":[{"count":0,"href":"https:\/\/archive.sana.sy\/tr\/index.php?rest_route=\/wp\/v2\/posts\/67955\/revisions"}],"wp:attachment":[{"href":"https:\/\/archive.sana.sy\/tr\/index.php?rest_route=%2Fwp%2Fv2%2Fmedia&parent=67955"}],"wp:term":[{"taxonomy":"category","embeddable":true,"href":"https:\/\/archive.sana.sy\/tr\/index.php?rest_route=%2Fwp%2Fv2%2Fcategories&post=67955"},{"taxonomy":"post_tag","embeddable":true,"href":"https:\/\/archive.sana.sy\/tr\/index.php?rest_route=%2Fwp%2Fv2%2Ftags&post=67955"}],"curies":[{"name":"wp","href":"https:\/\/api.w.org\/{rel}","templated":true}]}}