{"id":67962,"date":"2016-04-07T11:30:05","date_gmt":"2016-04-07T08:30:05","guid":{"rendered":"http:\/\/www.sana.sy\/tr\/?p=67962"},"modified":"2016-04-08T18:10:37","modified_gmt":"2016-04-08T15:10:37","slug":"uzak-bir-ihtimal-degil","status":"publish","type":"post","link":"https:\/\/archive.sana.sy\/tr\/?p=67962","title":{"rendered":"Uzak Bir \u0130htimal De\u011fil"},"content":{"rendered":"<p>MOSKOVA \u2013 Rusya D\u0131\u015fi\u015fleri Bakanl\u0131\u011f\u0131 Avrupa \u0130\u015fbirli\u011fi Dairesi Ba\u015fkan\u0131 Andrey Kelin Moskova&#8217;n\u0131n, Rusya \u2013 Nato Konseyinin yak\u0131n bir s\u00fcre i\u00e7inde toplanma ihtimalini uzak g\u00f6rmedi\u011fini ilan etti.<\/p>\n<p>Kelin Sputnik Ajans\u0131n\u0131n aktard\u0131\u011f\u0131 bas\u0131n a\u00e7\u0131klamalar\u0131nda; Rusya ile NATO aras\u0131ndaki diyalog g\u00f6r\u00fc\u015fmelerinde ilerlemenin kaydedildi\u011fini, \u015fu an ise toplant\u0131n\u0131n yeri, mekan\u0131 ve g\u00fcndemini belirlemeye \u00e7al\u0131\u015ft\u0131klar\u0131n\u0131 s\u00f6yledi.<\/p>\n<p>NATO Pakt\u0131 ge\u00e7en \u015eubat ay\u0131nda Rusya ile bir araya gelme ve diyalogu s\u00fcrd\u00fcrme iste\u011fini ifade etmi\u015fti.<\/p>\n","protected":false},"excerpt":{"rendered":"<p>MOSKOVA \u2013 Rusya D\u0131\u015fi\u015fleri Bakanl\u0131\u011f\u0131 Avrupa \u0130\u015fbirli\u011fi Dairesi Ba\u015fkan\u0131 Andrey Kelin Moskova&#8217;n\u0131n, Rusya \u2013 Nato Konseyinin yak\u0131n bir s\u00fcre i\u00e7inde toplanma ihtimalini uzak g\u00f6rmedi\u011fini ilan etti. Kelin Sputnik Ajans\u0131n\u0131n aktard\u0131\u011f\u0131 bas\u0131n a\u00e7\u0131klamalar\u0131nda; Rusya ile NATO aras\u0131ndaki diyalog g\u00f6r\u00fc\u015fmelerinde ilerlemenin kaydedildi\u011fini, \u015fu an ise toplant\u0131n\u0131n yeri, mekan\u0131 ve g\u00fcndemini belirlemeye \u00e7al\u0131\u015ft\u0131klar\u0131n\u0131 s\u00f6yledi. NATO Pakt\u0131 ge\u00e7en \u015eubat &hellip;<\/p>\n","protected":false},"author":1,"featured_media":67964,"comment_status":"closed","ping_status":"closed","sticky":false,"template":"","format":"standard","meta":{"footnotes":""},"categories":[458,459,17988],"tags":[20355,20354],"class_list":["post-67962","post","type-post","status-publish","format-standard","has-post-thumbnail","","category-dunya1","category-haberler-arap-uluslararasi-politika","category-son-haberler","tag-rusya-nato-konseyi","tag-rusya-disisleri-bakanligi-avrupa-isbirligi-dairesi-baskani-andrey-kelin"],"_links":{"self":[{"href":"https:\/\/archive.sana.sy\/tr\/index.php?rest_route=\/wp\/v2\/posts\/67962","targetHints":{"allow":["GET"]}}],"collection":[{"href":"https:\/\/archive.sana.sy\/tr\/index.php?rest_route=\/wp\/v2\/posts"}],"about":[{"href":"https:\/\/archive.sana.sy\/tr\/index.php?rest_route=\/wp\/v2\/types\/post"}],"author":[{"embeddable":true,"href":"https:\/\/archive.sana.sy\/tr\/index.php?rest_route=\/wp\/v2\/users\/1"}],"replies":[{"embeddable":true,"href":"https:\/\/archive.sana.sy\/tr\/index.php?rest_route=%2Fwp%2Fv2%2Fcomments&post=67962"}],"version-history":[{"count":0,"href":"https:\/\/archive.sana.sy\/tr\/index.php?rest_route=\/wp\/v2\/posts\/67962\/revisions"}],"wp:featuredmedia":[{"embeddable":true,"href":"https:\/\/archive.sana.sy\/tr\/index.php?rest_route=\/wp\/v2\/media\/67964"}],"wp:attachment":[{"href":"https:\/\/archive.sana.sy\/tr\/index.php?rest_route=%2Fwp%2Fv2%2Fmedia&parent=67962"}],"wp:term":[{"taxonomy":"category","embeddable":true,"href":"https:\/\/archive.sana.sy\/tr\/index.php?rest_route=%2Fwp%2Fv2%2Fcategories&post=67962"},{"taxonomy":"post_tag","embeddable":true,"href":"https:\/\/archive.sana.sy\/tr\/index.php?rest_route=%2Fwp%2Fv2%2Ftags&post=67962"}],"curies":[{"name":"wp","href":"https:\/\/api.w.org\/{rel}","templated":true}]}}