{"id":67969,"date":"2016-04-07T15:17:19","date_gmt":"2016-04-07T12:17:19","guid":{"rendered":"http:\/\/www.sana.sy\/tr\/?p=67969"},"modified":"2016-04-08T18:10:31","modified_gmt":"2016-04-08T15:10:31","slug":"bu-surec-icinde-onemli-olan-budur","status":"publish","type":"post","link":"https:\/\/archive.sana.sy\/tr\/?p=67969","title":{"rendered":"Bu S\u00fcre\u00e7 \u0130\u00e7inde \u00d6nemli Olan Budur"},"content":{"rendered":"<p>MOSKOVA \u2013 Rusya Federasyonu Ba\u015fkan\u0131 Vladimir Putin Rusya&#8217;n\u0131n Suriye&#8217;de devlet kurumlar\u0131n\u0131 ve silahl\u0131 kuvvetleri peki\u015ftirmekle temsil olan g\u00f6revini ba\u015far\u0131yla ger\u00e7ekle\u015ftirdi\u011fini belirtirken, durumlarda k\u00f6kl\u00fc bir de\u011fi\u015fimden s\u00f6z etmenin hen\u00fcz erken oldu\u011funu s\u00f6yledi.<\/p>\n<p>Putin Rusya&#8217;n\u0131n g\u00fc\u00e7lerinin b\u00fcy\u00fck bir k\u0131sm\u0131n\u0131 \u00e7ekmesinden sonra da Suriye ordusunun ter\u00f6re kar\u015f\u0131 sava\u015f\u0131n\u0131 ba\u015far\u0131yla s\u00fcrd\u00fcr\u00fcp \u00f6nemli ilerlemeler kaydetti\u011fini vurgularken, bu s\u00fcre\u00e7 i\u00e7inde as\u0131l \u00f6nemli olan\u0131n siyasi \u00e7\u00f6z\u00fcm s\u00fcrecine odaklanmak oldu\u011funa dikkat \u00e7ekti.<\/p>\n","protected":false},"excerpt":{"rendered":"<p>MOSKOVA \u2013 Rusya Federasyonu Ba\u015fkan\u0131 Vladimir Putin Rusya&#8217;n\u0131n Suriye&#8217;de devlet kurumlar\u0131n\u0131 ve silahl\u0131 kuvvetleri peki\u015ftirmekle temsil olan g\u00f6revini ba\u015far\u0131yla ger\u00e7ekle\u015ftirdi\u011fini belirtirken, durumlarda k\u00f6kl\u00fc bir de\u011fi\u015fimden s\u00f6z etmenin hen\u00fcz erken oldu\u011funu s\u00f6yledi. Putin Rusya&#8217;n\u0131n g\u00fc\u00e7lerinin b\u00fcy\u00fck bir k\u0131sm\u0131n\u0131 \u00e7ekmesinden sonra da Suriye ordusunun ter\u00f6re kar\u015f\u0131 sava\u015f\u0131n\u0131 ba\u015far\u0131yla s\u00fcrd\u00fcr\u00fcp \u00f6nemli ilerlemeler kaydetti\u011fini vurgularken, bu s\u00fcre\u00e7 i\u00e7inde as\u0131l &hellip;<\/p>\n","protected":false},"author":1,"featured_media":67970,"comment_status":"closed","ping_status":"closed","sticky":false,"template":"","format":"standard","meta":{"footnotes":""},"categories":[458,459,17988],"tags":[20356,18850,10972,11549,16744],"class_list":["post-67969","post","type-post","status-publish","format-standard","has-post-thumbnail","","category-dunya1","category-haberler-arap-uluslararasi-politika","category-son-haberler","tag-bu-surec-icinde-onemli-olan-budur","tag-rusya-baskani","tag-siyasi-cozum","tag-suriye-ordusu","tag-vladimir-putin"],"_links":{"self":[{"href":"https:\/\/archive.sana.sy\/tr\/index.php?rest_route=\/wp\/v2\/posts\/67969","targetHints":{"allow":["GET"]}}],"collection":[{"href":"https:\/\/archive.sana.sy\/tr\/index.php?rest_route=\/wp\/v2\/posts"}],"about":[{"href":"https:\/\/archive.sana.sy\/tr\/index.php?rest_route=\/wp\/v2\/types\/post"}],"author":[{"embeddable":true,"href":"https:\/\/archive.sana.sy\/tr\/index.php?rest_route=\/wp\/v2\/users\/1"}],"replies":[{"embeddable":true,"href":"https:\/\/archive.sana.sy\/tr\/index.php?rest_route=%2Fwp%2Fv2%2Fcomments&post=67969"}],"version-history":[{"count":0,"href":"https:\/\/archive.sana.sy\/tr\/index.php?rest_route=\/wp\/v2\/posts\/67969\/revisions"}],"wp:featuredmedia":[{"embeddable":true,"href":"https:\/\/archive.sana.sy\/tr\/index.php?rest_route=\/wp\/v2\/media\/67970"}],"wp:attachment":[{"href":"https:\/\/archive.sana.sy\/tr\/index.php?rest_route=%2Fwp%2Fv2%2Fmedia&parent=67969"}],"wp:term":[{"taxonomy":"category","embeddable":true,"href":"https:\/\/archive.sana.sy\/tr\/index.php?rest_route=%2Fwp%2Fv2%2Fcategories&post=67969"},{"taxonomy":"post_tag","embeddable":true,"href":"https:\/\/archive.sana.sy\/tr\/index.php?rest_route=%2Fwp%2Fv2%2Ftags&post=67969"}],"curies":[{"name":"wp","href":"https:\/\/api.w.org\/{rel}","templated":true}]}}