{"id":6797,"date":"2014-08-08T19:50:22","date_gmt":"2014-08-08T16:50:22","guid":{"rendered":"http:\/\/www.sana.sy\/tr\/?p=6797"},"modified":"2014-08-09T19:35:13","modified_gmt":"2014-08-09T16:35:13","slug":"terore-destegin-kesilmesini-talep-ettiler","status":"publish","type":"post","link":"https:\/\/archive.sana.sy\/tr\/?p=6797","title":{"rendered":"Ter\u00f6re Deste\u011fin Kesilmesini Talep Ettiler"},"content":{"rendered":"<p>S\u0130DNEY \u2013 Avustralya&#8217;da ya\u015fayan Suriyeli, Filistinli, L\u00fcbnanl\u0131 ve Irakl\u0131 gurbet\u00e7iler bug\u00fcn Melbourne Kentinde \u0130srail&#8217;in vah\u015fi katliamlar\u0131 kar\u015f\u0131s\u0131nda Gazze\u2019de Filistin halk\u0131yla dayan\u0131\u015fma ve b\u00f6lgenin maruz kald\u0131\u011f\u0131 \u00e7okuluslu ter\u00f6r\u00fc k\u0131nama amac\u0131yla eylem d\u00fczenlediler.<\/p>\n<p>Eylemciler ter\u00f6r\u00fc destekleyen devlet ve rejimlerden derhal bu desteklerini kesmelerini talep ederken, Uluslararas\u0131 G\u00fcvenlik Konseyi ve uluslar aras\u0131 toplumu \u0130srail&#8217;in Filistin halk\u0131na y\u00f6nelik vah\u015fetini sonland\u0131rmas\u0131nda \u00fcstlerine d\u00fc\u015fen sorumlulu\u011fu yerine getirmeye davet ettiler.<\/p>\n<p>Suriye, L\u00fcbnan ve Irak\u2019ta ter\u00f6r gruplar\u0131n\u0131n k\u0131nanmas\u0131n\u0131 ve bu ter\u00f6re deste\u011fin kesilmesini talep eden pankartlar ta\u015f\u0131yan eylemciler; \u015fehitler ad\u0131na bir dakikal\u0131k sayg\u0131 duru\u015funda bulunup ruhlar\u0131n\u0131n \u015fad olmas\u0131 i\u00e7in mumlar yakt\u0131lar.<\/p>\n<div id='gallery-1' class='gallery galleryid-6797 gallery-columns-3 gallery-size-thumbnail'><figure class='gallery-item'>\n\t\t\t<div class='gallery-icon landscape'>\n\t\t\t\t<a href='https:\/\/archive.sana.sy\/tr\/wp-content\/uploads\/2014\/08\/gurbet\u00e7iler-21.jpg'><img loading=\"lazy\" decoding=\"async\" width=\"150\" height=\"112\" src=\"https:\/\/archive.sana.sy\/tr\/wp-content\/uploads\/2014\/08\/gurbet\u00e7iler-21-150x112.jpg\" class=\"attachment-thumbnail size-thumbnail\" alt=\"\" srcset=\"https:\/\/archive.sana.sy\/tr\/wp-content\/uploads\/2014\/08\/gurbet\u00e7iler-21-150x112.jpg 150w, https:\/\/archive.sana.sy\/tr\/wp-content\/uploads\/2014\/08\/gurbet\u00e7iler-21-300x225.jpg 300w, https:\/\/archive.sana.sy\/tr\/wp-content\/uploads\/2014\/08\/gurbet\u00e7iler-21.jpg 1024w\" sizes=\"auto, (max-width: 150px) 100vw, 150px\" \/><\/a>\n\t\t\t<\/div><\/figure><figure class='gallery-item'>\n\t\t\t<div class='gallery-icon landscape'>\n\t\t\t\t<a href='https:\/\/archive.sana.sy\/tr\/wp-content\/uploads\/2014\/08\/gurbet\u00e7iler-31.jpg'><img loading=\"lazy\" decoding=\"async\" width=\"150\" height=\"112\" src=\"https:\/\/archive.sana.sy\/tr\/wp-content\/uploads\/2014\/08\/gurbet\u00e7iler-31-150x112.jpg\" class=\"attachment-thumbnail size-thumbnail\" alt=\"\" srcset=\"https:\/\/archive.sana.sy\/tr\/wp-content\/uploads\/2014\/08\/gurbet\u00e7iler-31-150x112.jpg 150w, https:\/\/archive.sana.sy\/tr\/wp-content\/uploads\/2014\/08\/gurbet\u00e7iler-31-300x224.jpg 300w, https:\/\/archive.sana.sy\/tr\/wp-content\/uploads\/2014\/08\/gurbet\u00e7iler-31.jpg 640w\" sizes=\"auto, (max-width: 150px) 100vw, 150px\" \/><\/a>\n\t\t\t<\/div><\/figure><figure class='gallery-item'>\n\t\t\t<div class='gallery-icon portrait'>\n\t\t\t\t<a href='https:\/\/archive.sana.sy\/tr\/wp-content\/uploads\/2014\/08\/gurbet\u00e7iler-41.jpg'><img loading=\"lazy\" decoding=\"async\" width=\"100\" height=\"150\" src=\"https:\/\/archive.sana.sy\/tr\/wp-content\/uploads\/2014\/08\/gurbet\u00e7iler-41-100x150.jpg\" class=\"attachment-thumbnail size-thumbnail\" alt=\"\" srcset=\"https:\/\/archive.sana.sy\/tr\/wp-content\/uploads\/2014\/08\/gurbet\u00e7iler-41-100x150.jpg 100w, https:\/\/archive.sana.sy\/tr\/wp-content\/uploads\/2014\/08\/gurbet\u00e7iler-41-200x300.jpg 200w, https:\/\/archive.sana.sy\/tr\/wp-content\/uploads\/2014\/08\/gurbet\u00e7iler-41.jpg 640w\" sizes=\"auto, (max-width: 100px) 100vw, 100px\" \/><\/a>\n\t\t\t<\/div><\/figure>\n\t\t<\/div>\n\n","protected":false},"excerpt":{"rendered":"<p>S\u0130DNEY \u2013 Avustralya&#8217;da ya\u015fayan Suriyeli, Filistinli, L\u00fcbnanl\u0131 ve Irakl\u0131 gurbet\u00e7iler bug\u00fcn Melbourne Kentinde \u0130srail&#8217;in vah\u015fi katliamlar\u0131 kar\u015f\u0131s\u0131nda Gazze\u2019de Filistin halk\u0131yla dayan\u0131\u015fma ve b\u00f6lgenin maruz kald\u0131\u011f\u0131 \u00e7okuluslu ter\u00f6r\u00fc k\u0131nama amac\u0131yla eylem d\u00fczenlediler. Eylemciler ter\u00f6r\u00fc destekleyen devlet ve rejimlerden derhal bu desteklerini kesmelerini talep ederken, Uluslararas\u0131 G\u00fcvenlik Konseyi ve uluslar aras\u0131 toplumu \u0130srail&#8217;in Filistin halk\u0131na y\u00f6nelik vah\u015fetini &hellip;<\/p>\n","protected":false},"author":1,"featured_media":6800,"comment_status":"closed","ping_status":"closed","sticky":false,"template":"","format":"standard","meta":{"footnotes":""},"categories":[458,596,459],"tags":[1522],"class_list":["post-6797","post","type-post","status-publish","format-standard","has-post-thumbnail","","category-dunya1","category-fotografli-raporlar","category-haberler-arap-uluslararasi-politika","tag-terore-destegin-kesilmesini-talep-ettiler"],"_links":{"self":[{"href":"https:\/\/archive.sana.sy\/tr\/index.php?rest_route=\/wp\/v2\/posts\/6797","targetHints":{"allow":["GET"]}}],"collection":[{"href":"https:\/\/archive.sana.sy\/tr\/index.php?rest_route=\/wp\/v2\/posts"}],"about":[{"href":"https:\/\/archive.sana.sy\/tr\/index.php?rest_route=\/wp\/v2\/types\/post"}],"author":[{"embeddable":true,"href":"https:\/\/archive.sana.sy\/tr\/index.php?rest_route=\/wp\/v2\/users\/1"}],"replies":[{"embeddable":true,"href":"https:\/\/archive.sana.sy\/tr\/index.php?rest_route=%2Fwp%2Fv2%2Fcomments&post=6797"}],"version-history":[{"count":0,"href":"https:\/\/archive.sana.sy\/tr\/index.php?rest_route=\/wp\/v2\/posts\/6797\/revisions"}],"wp:featuredmedia":[{"embeddable":true,"href":"https:\/\/archive.sana.sy\/tr\/index.php?rest_route=\/wp\/v2\/media\/6800"}],"wp:attachment":[{"href":"https:\/\/archive.sana.sy\/tr\/index.php?rest_route=%2Fwp%2Fv2%2Fmedia&parent=6797"}],"wp:term":[{"taxonomy":"category","embeddable":true,"href":"https:\/\/archive.sana.sy\/tr\/index.php?rest_route=%2Fwp%2Fv2%2Fcategories&post=6797"},{"taxonomy":"post_tag","embeddable":true,"href":"https:\/\/archive.sana.sy\/tr\/index.php?rest_route=%2Fwp%2Fv2%2Ftags&post=6797"}],"curies":[{"name":"wp","href":"https:\/\/api.w.org\/{rel}","templated":true}]}}