{"id":67979,"date":"2016-04-07T16:30:34","date_gmt":"2016-04-07T13:30:34","guid":{"rendered":"http:\/\/www.sana.sy\/tr\/?p=67979"},"modified":"2016-04-08T18:58:07","modified_gmt":"2016-04-08T15:58:07","slug":"isid-nusra-cephesi-ve-muttefiklerine-yonelik-operasyonlar-devam-ediyor","status":"publish","type":"post","link":"https:\/\/archive.sana.sy\/tr\/?p=67979","title":{"rendered":"I\u015e\u0130D, Nusra Cephesi ve M\u00fcttefiklerine Y\u00f6nelik Operasyonlar Devam Ediyor"},"content":{"rendered":"<p>\u0130LLER \u2013 Ordu birliklerimiz hava g\u00fc\u00e7lerimizin deste\u011fi ile I\u015e\u0130D, Nusra Cephesi ve m\u00fcttefikleri ter\u00f6r \u00f6rg\u00fctlere kar\u015f\u0131 operasyonlar\u0131n\u0131 ba\u015far\u0131yla s\u00fcrd\u00fcr\u00fcyor.<\/p>\n<p><span style=\"color: #0000ff\">DEYREZZOR:<\/span><\/p>\n<p>Askeri kaynak SANA\u2019ya a\u00e7\u0131klamas\u0131nda; hava g\u00fc\u00e7lerimizin Deyrezzor k\u0131rsal\u0131n\u0131n do\u011fusu Mureyiye ve Cafra b\u00f6lgelerinde I\u015e\u0130D\u2019e ait bir k\u0131sm\u0131 a\u011f\u0131r silahlarla donat\u0131lm\u0131\u015f bir\u00e7ok arac\u0131n yan\u0131 s\u0131ra karargahlar\u0131n\u0131 imha ettiklerini belirtti.<\/p>\n<p>Kaynak operasyonlarda \u00f6ld\u00fcr\u00fclen ter\u00f6ristlerin aras\u0131nda tehlikeli simlerin bulundu\u011funa dikkat \u00e7ekti.<\/p>\n<p><span style=\"color: #0000ff\">RAKKA:<\/span><\/p>\n<p>Hava g\u00fc\u00e7lerimizin Rakka Kentinin g\u00fcneyine ilaveten k\u0131rsal\u0131na d\u00fc\u015fen Tabaka Havaalan\u0131nda I\u015e\u0130D\u2019in siper ve ara\u00e7lar\u0131n\u0131 imha ettiklerini belirten kaynak; buralarda da \u00e7ok say\u0131da ter\u00f6ristin ara\u00e7 ve ekipmanlar\u0131yla birlikte etkisizle\u015ftirildiklerini belirtti.<\/p>\n<p><span style=\"color: #0000ff\">HOMS:<\/span><\/p>\n<p>Askeri kaynak hava g\u00fc\u00e7lerimizin Homs k\u0131rsal\u0131n\u0131n do\u011fusu Tedmur Kentinin kuzey ve do\u011fusuna yak\u0131n b\u00f6lgelere ilaveten Suhna Beldesinin g\u00fcneyinde I\u015e\u0130D\u2019e ait mevki ve ara\u00e7lar\u0131 imha ettiklerini aktard\u0131.<\/p>\n","protected":false},"excerpt":{"rendered":"<p>\u0130LLER \u2013 Ordu birliklerimiz hava g\u00fc\u00e7lerimizin deste\u011fi ile I\u015e\u0130D, Nusra Cephesi ve m\u00fcttefikleri ter\u00f6r \u00f6rg\u00fctlere kar\u015f\u0131 operasyonlar\u0131n\u0131 ba\u015far\u0131yla s\u00fcrd\u00fcr\u00fcyor. DEYREZZOR: Askeri kaynak SANA\u2019ya a\u00e7\u0131klamas\u0131nda; hava g\u00fc\u00e7lerimizin Deyrezzor k\u0131rsal\u0131n\u0131n do\u011fusu Mureyiye ve Cafra b\u00f6lgelerinde I\u015e\u0130D\u2019e ait bir k\u0131sm\u0131 a\u011f\u0131r silahlarla donat\u0131lm\u0131\u015f bir\u00e7ok arac\u0131n yan\u0131 s\u0131ra karargahlar\u0131n\u0131 imha ettiklerini belirtti. Kaynak operasyonlarda \u00f6ld\u00fcr\u00fclen ter\u00f6ristlerin aras\u0131nda tehlikeli simlerin &hellip;<\/p>\n","protected":false},"author":1,"featured_media":67980,"comment_status":"closed","ping_status":"closed","sticky":false,"template":"","format":"standard","meta":{"footnotes":""},"categories":[575],"tags":[3464,18237,18576,18329,2318,20365,20076,18347,20366,20367,18674,18499,11549,19429],"class_list":["post-67979","post","type-post","status-publish","format-standard","has-post-thumbnail","","category-olaylar-ve-gercekler","tag-nusra-cephesi","tag-cihatcilar","tag-daes","tag-dais","tag-isid","tag-ilimli-muhhalifler","tag-mucahitler","tag-oso","tag-ozgur-suriye-ordusu","tag-silahli-catisma","tag-silahli-muhalifler","tag-suriye-muhalefeti","tag-suriye-ordusu","tag-teror-eylemi"],"_links":{"self":[{"href":"https:\/\/archive.sana.sy\/tr\/index.php?rest_route=\/wp\/v2\/posts\/67979","targetHints":{"allow":["GET"]}}],"collection":[{"href":"https:\/\/archive.sana.sy\/tr\/index.php?rest_route=\/wp\/v2\/posts"}],"about":[{"href":"https:\/\/archive.sana.sy\/tr\/index.php?rest_route=\/wp\/v2\/types\/post"}],"author":[{"embeddable":true,"href":"https:\/\/archive.sana.sy\/tr\/index.php?rest_route=\/wp\/v2\/users\/1"}],"replies":[{"embeddable":true,"href":"https:\/\/archive.sana.sy\/tr\/index.php?rest_route=%2Fwp%2Fv2%2Fcomments&post=67979"}],"version-history":[{"count":0,"href":"https:\/\/archive.sana.sy\/tr\/index.php?rest_route=\/wp\/v2\/posts\/67979\/revisions"}],"wp:featuredmedia":[{"embeddable":true,"href":"https:\/\/archive.sana.sy\/tr\/index.php?rest_route=\/wp\/v2\/media\/67980"}],"wp:attachment":[{"href":"https:\/\/archive.sana.sy\/tr\/index.php?rest_route=%2Fwp%2Fv2%2Fmedia&parent=67979"}],"wp:term":[{"taxonomy":"category","embeddable":true,"href":"https:\/\/archive.sana.sy\/tr\/index.php?rest_route=%2Fwp%2Fv2%2Fcategories&post=67979"},{"taxonomy":"post_tag","embeddable":true,"href":"https:\/\/archive.sana.sy\/tr\/index.php?rest_route=%2Fwp%2Fv2%2Ftags&post=67979"}],"curies":[{"name":"wp","href":"https:\/\/api.w.org\/{rel}","templated":true}]}}