{"id":67982,"date":"2016-04-07T10:32:36","date_gmt":"2016-04-07T07:32:36","guid":{"rendered":"http:\/\/www.sana.sy\/tr\/?p=67982"},"modified":"2016-04-08T18:12:43","modified_gmt":"2016-04-08T15:12:43","slug":"milli-yuzucumuz-2-altin-madalya-kazandi","status":"publish","type":"post","link":"https:\/\/archive.sana.sy\/tr\/?p=67982","title":{"rendered":"Milli Y\u00fcz\u00fcc\u00fcm\u00fcz 2 Alt\u0131n Madalya Kazand\u0131"},"content":{"rendered":"<p>ABU DAB\u0130 \u2013 Milli y\u00fcz\u00fcc\u00fcm\u00fcz Azar el Berazi d\u00fczenlenmekte olan Uluslararas\u0131 Abu Dabi \u015eampiyonlu\u011funda 50 ve 100 metre yar\u0131\u015flar\u0131nda 2 alt\u0131n madalya kazand\u0131.<\/p>\n<p>Milli y\u00fcz\u00fcc\u00fcm\u00fcz\u00fcn Arap ve Afrika \u00fclkelerinden elit y\u00fcz\u00fcc\u00fclerle rekabet etti\u011fi Abu Dabi \u015eampiyonlu\u011funa kat\u0131l\u0131m\u0131, \u00f6n\u00fcm\u00fczdeki A\u011fustos ay\u0131nda Brezilyada d\u00fczenlenecek uluslar aras\u0131 y\u00fczme \u015fampiyonas\u0131na haz\u0131rl\u0131\u011f\u0131 \u00e7er\u00e7evesinde geliyor.<\/p>\n","protected":false},"excerpt":{"rendered":"<p>ABU DAB\u0130 \u2013 Milli y\u00fcz\u00fcc\u00fcm\u00fcz Azar el Berazi d\u00fczenlenmekte olan Uluslararas\u0131 Abu Dabi \u015eampiyonlu\u011funda 50 ve 100 metre yar\u0131\u015flar\u0131nda 2 alt\u0131n madalya kazand\u0131. Milli y\u00fcz\u00fcc\u00fcm\u00fcz\u00fcn Arap ve Afrika \u00fclkelerinden elit y\u00fcz\u00fcc\u00fclerle rekabet etti\u011fi Abu Dabi \u015eampiyonlu\u011funa kat\u0131l\u0131m\u0131, \u00f6n\u00fcm\u00fczdeki A\u011fustos ay\u0131nda Brezilyada d\u00fczenlenecek uluslar aras\u0131 y\u00fczme \u015fampiyonas\u0131na haz\u0131rl\u0131\u011f\u0131 \u00e7er\u00e7evesinde geliyor.<\/p>\n","protected":false},"author":1,"featured_media":67974,"comment_status":"closed","ping_status":"closed","sticky":false,"template":"","format":"standard","meta":{"footnotes":""},"categories":[498,17988,496],"tags":[20359,20368,20369],"class_list":["post-67982","post","type-post","status-publish","format-standard","has-post-thumbnail","","category-dunya-turnuvalari","category-son-haberler","category-spor","tag-altin-madalya","tag-milli-sporcu","tag-yuzme-sampiyonu"],"_links":{"self":[{"href":"https:\/\/archive.sana.sy\/tr\/index.php?rest_route=\/wp\/v2\/posts\/67982","targetHints":{"allow":["GET"]}}],"collection":[{"href":"https:\/\/archive.sana.sy\/tr\/index.php?rest_route=\/wp\/v2\/posts"}],"about":[{"href":"https:\/\/archive.sana.sy\/tr\/index.php?rest_route=\/wp\/v2\/types\/post"}],"author":[{"embeddable":true,"href":"https:\/\/archive.sana.sy\/tr\/index.php?rest_route=\/wp\/v2\/users\/1"}],"replies":[{"embeddable":true,"href":"https:\/\/archive.sana.sy\/tr\/index.php?rest_route=%2Fwp%2Fv2%2Fcomments&post=67982"}],"version-history":[{"count":0,"href":"https:\/\/archive.sana.sy\/tr\/index.php?rest_route=\/wp\/v2\/posts\/67982\/revisions"}],"wp:featuredmedia":[{"embeddable":true,"href":"https:\/\/archive.sana.sy\/tr\/index.php?rest_route=\/wp\/v2\/media\/67974"}],"wp:attachment":[{"href":"https:\/\/archive.sana.sy\/tr\/index.php?rest_route=%2Fwp%2Fv2%2Fmedia&parent=67982"}],"wp:term":[{"taxonomy":"category","embeddable":true,"href":"https:\/\/archive.sana.sy\/tr\/index.php?rest_route=%2Fwp%2Fv2%2Fcategories&post=67982"},{"taxonomy":"post_tag","embeddable":true,"href":"https:\/\/archive.sana.sy\/tr\/index.php?rest_route=%2Fwp%2Fv2%2Ftags&post=67982"}],"curies":[{"name":"wp","href":"https:\/\/api.w.org\/{rel}","templated":true}]}}