{"id":67987,"date":"2016-04-07T19:00:50","date_gmt":"2016-04-07T16:00:50","guid":{"rendered":"http:\/\/sana.sy\/tr\/?p=67987"},"modified":"2016-04-07T19:46:40","modified_gmt":"2016-04-07T16:46:40","slug":"anlasma-ihlalinde-yine-sehitler-var","status":"publish","type":"post","link":"https:\/\/archive.sana.sy\/tr\/?p=67987","title":{"rendered":"Anla\u015fma \u0130hlalinde Yine \u015eehitler Var"},"content":{"rendered":"<p>HALEP \u2013 Erdo\u011fan ve Al Suud rejimlerinin destek ve talimatlar\u0131yla vah\u015fet estirmeye devam eden ter\u00f6ristler bug\u00fcn de \u00e7at\u0131\u015fmalar\u0131 durdurma anla\u015fmas\u0131na ihlallerini s\u00fcrd\u00fcrd\u00fcler.<\/p>\n<p>Halep Kentinin sivil yerle\u015fim alanlar\u0131ndan \u015eeyh Maksud Semtinde yerel kaynaklar SANA muhabirine a\u00e7\u0131klamalar\u0131nda; civar b\u00f6lgelerde siperlenen ter\u00f6ristlerin semte f\u00fcze ve havan toplar\u0131yla geli\u015fig\u00fczel sald\u0131r\u0131lar\u0131n\u0131 s\u00fcrd\u00fcrd\u00fcklerini belirtti. Hain sald\u0131r\u0131larda 1 vatanda\u015f\u0131n \u015fehit, 9 vatanda\u015f\u0131n da yaral\u0131 d\u00fc\u015ft\u00fc\u011f\u00fcn\u00fc s\u00f6yleyen kaynaklar; ev ve di\u011fer \u00f6zel m\u00fclklerde de b\u00fcy\u00fck hasarlar\u0131n olu\u015ftu\u011funu s\u00f6zlerine eklediler.<\/p>\n","protected":false},"excerpt":{"rendered":"<p>HALEP \u2013 Erdo\u011fan ve Al Suud rejimlerinin destek ve talimatlar\u0131yla vah\u015fet estirmeye devam eden ter\u00f6ristler bug\u00fcn de \u00e7at\u0131\u015fmalar\u0131 durdurma anla\u015fmas\u0131na ihlallerini s\u00fcrd\u00fcrd\u00fcler. Halep Kentinin sivil yerle\u015fim alanlar\u0131ndan \u015eeyh Maksud Semtinde yerel kaynaklar SANA muhabirine a\u00e7\u0131klamalar\u0131nda; civar b\u00f6lgelerde siperlenen ter\u00f6ristlerin semte f\u00fcze ve havan toplar\u0131yla geli\u015fig\u00fczel sald\u0131r\u0131lar\u0131n\u0131 s\u00fcrd\u00fcrd\u00fcklerini belirtti. Hain sald\u0131r\u0131larda 1 vatanda\u015f\u0131n \u015fehit, 9 vatanda\u015f\u0131n &hellip;<\/p>\n","protected":false},"author":1,"featured_media":67988,"comment_status":"closed","ping_status":"closed","sticky":false,"template":"","format":"standard","meta":{"footnotes":""},"categories":[479,575,17988,478],"tags":[20371,20372],"class_list":["post-67987","post","type-post","status-publish","format-standard","has-post-thumbnail","","category-haberler-yerel","category-olaylar-ve-gercekler","category-son-haberler","category-yerel","tag-anlasma-ihlalinde-yine-sehitler-var","tag-halep-kentinin-sivil-yerlesim-alanlarindan-seyh-maksud-semtinde"],"_links":{"self":[{"href":"https:\/\/archive.sana.sy\/tr\/index.php?rest_route=\/wp\/v2\/posts\/67987","targetHints":{"allow":["GET"]}}],"collection":[{"href":"https:\/\/archive.sana.sy\/tr\/index.php?rest_route=\/wp\/v2\/posts"}],"about":[{"href":"https:\/\/archive.sana.sy\/tr\/index.php?rest_route=\/wp\/v2\/types\/post"}],"author":[{"embeddable":true,"href":"https:\/\/archive.sana.sy\/tr\/index.php?rest_route=\/wp\/v2\/users\/1"}],"replies":[{"embeddable":true,"href":"https:\/\/archive.sana.sy\/tr\/index.php?rest_route=%2Fwp%2Fv2%2Fcomments&post=67987"}],"version-history":[{"count":0,"href":"https:\/\/archive.sana.sy\/tr\/index.php?rest_route=\/wp\/v2\/posts\/67987\/revisions"}],"wp:featuredmedia":[{"embeddable":true,"href":"https:\/\/archive.sana.sy\/tr\/index.php?rest_route=\/wp\/v2\/media\/67988"}],"wp:attachment":[{"href":"https:\/\/archive.sana.sy\/tr\/index.php?rest_route=%2Fwp%2Fv2%2Fmedia&parent=67987"}],"wp:term":[{"taxonomy":"category","embeddable":true,"href":"https:\/\/archive.sana.sy\/tr\/index.php?rest_route=%2Fwp%2Fv2%2Fcategories&post=67987"},{"taxonomy":"post_tag","embeddable":true,"href":"https:\/\/archive.sana.sy\/tr\/index.php?rest_route=%2Fwp%2Fv2%2Ftags&post=67987"}],"curies":[{"name":"wp","href":"https:\/\/api.w.org\/{rel}","templated":true}]}}